{"id":187775,"date":"2025-11-14T11:50:55","date_gmt":"2025-11-14T17:50:55","guid":{"rendered":"https:\/\/www.buroperiodistico.com.mx\/?p=187775"},"modified":"2025-11-14T11:50:55","modified_gmt":"2025-11-14T17:50:55","slug":"%f0%9d%9f%b1a-%f0%9d%97%96%f0%9d%97%ae%f0%9d%97%af%f0%9d%97%ae%f0%9d%97%b9%f0%9d%97%b4%f0%9d%97%ae%f0%9d%98%81%f0%9d%97%ae-%f0%9d%97%b1%f0%9d%97%b2-%f0%9d%97%b9%f0%9d%97%ae-%f0%9d%97%94%f0%9d%97%ba","status":"publish","type":"post","link":"https:\/\/www.buroperiodistico.com.mx\/?p=187775","title":{"rendered":"\ud835\udff1\u00aa \ud835\uddd6\ud835\uddee\ud835\uddef\ud835\uddee\ud835\uddf9\ud835\uddf4\ud835\uddee\ud835\ude01\ud835\uddee \ud835\uddf1\ud835\uddf2 \ud835\uddf9\ud835\uddee \ud835\uddd4\ud835\uddfa\ud835\uddf6\ud835\ude00\ud835\ude01\ud835\uddee\ud835\uddf1"},"content":{"rendered":"<p><em><strong><img loading=\"lazy\" decoding=\"async\" class=\"size-full wp-image-187776 alignright\" src=\"https:\/\/www.buroperiodistico.com.mx\/wp-content\/uploads\/2025\/11\/Cabalx-I.jpeg\" alt=\"\" width=\"480\" height=\"617\" srcset=\"https:\/\/www.buroperiodistico.com.mx\/wp-content\/uploads\/2025\/11\/Cabalx-I.jpeg 480w, https:\/\/www.buroperiodistico.com.mx\/wp-content\/uploads\/2025\/11\/Cabalx-I-233x300.jpeg 233w\" sizes=\"auto, (max-width: 480px) 100vw, 480px\" \/>Reynosa, Tam.-<\/strong><\/em> El Gobierno Municipal de Reynosa, que encabeza el Alcalde Carlos Pe\u00f1a Ortiz, invita a todas y todos los cabalgantes a la Quinta Edici\u00f3n de la Cabalgata de la Amistad, celebrando la tradici\u00f3n y el orgullo del Norte de Tamaulipas.<\/p>\n<p>Adem\u00e1s, podr\u00e1s disfrutar de la gran presentaci\u00f3n musical de los triunfadores Cadetes de Linares.<\/p>\n<p>\u00a1Te esperamos!<br \/>\n\ud83d\uddd3\ufe0f S\u00e1bado 15 de noviembre<br \/>\n\u23f0 10:00 A. M. \u2013 2:00 P. M.<br \/>\n\ud83d\udccdInicio: Lienzo Charro Noreste &#8211; R\u00edo Bravo | Cierre: Instalaciones del Polideportivo &#8211; Reynosa<\/p>\n<p>#GobiernoMunicipalDeReynosa<\/p>\n","protected":false},"excerpt":{"rendered":"<p>Reynosa, Tam.- El Gobierno Municipal de Reynosa, que encabeza el Alcalde Carlos Pe\u00f1a Ortiz, invita&#8230;<\/p>\n","protected":false},"author":1,"featured_media":187777,"comment_status":"closed","ping_status":"closed","sticky":false,"template":"","format":"standard","meta":{"footnotes":"","jetpack_publicize_message":"","jetpack_publicize_feature_enabled":true,"jetpack_social_post_already_shared":true,"jetpack_social_options":{"image_generator_settings":{"template":"highway","default_image_id":0,"font":"","enabled":false},"version":2}},"categories":[9],"tags":[],"class_list":["post-187775","post","type-post","status-publish","format-standard","has-post-thumbnail","hentry","category-reynosa"],"jetpack_publicize_connections":[],"_links":{"self":[{"href":"https:\/\/www.buroperiodistico.com.mx\/index.php?rest_route=\/wp\/v2\/posts\/187775","targetHints":{"allow":["GET"]}}],"collection":[{"href":"https:\/\/www.buroperiodistico.com.mx\/index.php?rest_route=\/wp\/v2\/posts"}],"about":[{"href":"https:\/\/www.buroperiodistico.com.mx\/index.php?rest_route=\/wp\/v2\/types\/post"}],"author":[{"embeddable":true,"href":"https:\/\/www.buroperiodistico.com.mx\/index.php?rest_route=\/wp\/v2\/users\/1"}],"replies":[{"embeddable":true,"href":"https:\/\/www.buroperiodistico.com.mx\/index.php?rest_route=%2Fwp%2Fv2%2Fcomments&post=187775"}],"version-history":[{"count":0,"href":"https:\/\/www.buroperiodistico.com.mx\/index.php?rest_route=\/wp\/v2\/posts\/187775\/revisions"}],"wp:featuredmedia":[{"embeddable":true,"href":"https:\/\/www.buroperiodistico.com.mx\/index.php?rest_route=\/wp\/v2\/media\/187777"}],"wp:attachment":[{"href":"https:\/\/www.buroperiodistico.com.mx\/index.php?rest_route=%2Fwp%2Fv2%2Fmedia&parent=187775"}],"wp:term":[{"taxonomy":"category","embeddable":true,"href":"https:\/\/www.buroperiodistico.com.mx\/index.php?rest_route=%2Fwp%2Fv2%2Fcategories&post=187775"},{"taxonomy":"post_tag","embeddable":true,"href":"https:\/\/www.buroperiodistico.com.mx\/index.php?rest_route=%2Fwp%2Fv2%2Ftags&post=187775"}],"curies":[{"name":"wp","href":"https:\/\/api.w.org\/{rel}","templated":true}]}}