{"id":187767,"date":"2025-11-14T11:43:26","date_gmt":"2025-11-14T17:43:26","guid":{"rendered":"https:\/\/www.buroperiodistico.com.mx\/?p=187767"},"modified":"2025-11-14T11:43:26","modified_gmt":"2025-11-14T17:43:26","slug":"con-exito-se-lleva-a-cabo-el-37-congreso-nacional-de-rehabilitacion-del-dif-tamaulipas","status":"publish","type":"post","link":"https:\/\/www.buroperiodistico.com.mx\/?p=187767","title":{"rendered":"Con \u00e9xito se lleva a cabo el 37\u00b0 Congreso Nacional de Rehabilitaci\u00f3n del DIF Tamaulipas"},"content":{"rendered":"<p><em><strong><img loading=\"lazy\" decoding=\"async\" class=\" wp-image-187773 alignright\" src=\"https:\/\/www.buroperiodistico.com.mx\/wp-content\/uploads\/2025\/11\/DIFTamaulipas.jpeg\" alt=\"\" width=\"474\" height=\"253\" srcset=\"https:\/\/www.buroperiodistico.com.mx\/wp-content\/uploads\/2025\/11\/DIFTamaulipas.jpeg 1024w, https:\/\/www.buroperiodistico.com.mx\/wp-content\/uploads\/2025\/11\/DIFTamaulipas-300x160.jpeg 300w, https:\/\/www.buroperiodistico.com.mx\/wp-content\/uploads\/2025\/11\/DIFTamaulipas-768x410.jpeg 768w\" sizes=\"auto, (max-width: 474px) 100vw, 474px\" \/>Ciudad Victoria, Tamaulipas (14-Noviembre-2025).-<\/strong><\/em> Con una destacada participaci\u00f3n de especialistas, estudiantes y profesionales del pa\u00eds, el Sistema DIF Tamaulipas, que preside la doctora Mar\u00eda de Villarreal, llev\u00f3 a cabo con \u00e9xito el 37\u00b0 Congreso Nacional de Rehabilitaci\u00f3n, celebrado en el marco del XXXVII Aniversario del Centro de Rehabilitaci\u00f3n y Educaci\u00f3n Especial (CREE).<\/p>\n<p>Durante dos d\u00edas, el Polyforum Dr. Rodolfo Torre Cant\u00fa reuni\u00f3 a expertas y expertos en fisioterapia, psicolog\u00eda, terapia f\u00edsica, trabajo social y educaci\u00f3n especial, quienes compartieron experiencias, conocimientos y avances tecnol\u00f3gicos en el campo de la rehabilitaci\u00f3n.<\/p>\n<p>La edici\u00f3n 2025 destac\u00f3 por la calidad de sus ponencias, la pertinencia de sus contenidos y el entusiasmo de quienes integraron este encuentro acad\u00e9mico, consolid\u00e1ndose como un espacio de actualizaci\u00f3n que impulsa pr\u00e1cticas m\u00e1s humanas, cient\u00edficas e innovadoras.<\/p>\n<p>El programa contempl\u00f3 conferencias magistrales, talleres y sesiones t\u00e9cnicas sobre salud mental en fisioterapia, integraci\u00f3n sensorial, inteligencia artificial aplicada a la terapia, rehabilitaci\u00f3n neurol\u00f3gica, comunicaci\u00f3n aumentativa y bienestar emocional en los profesionales de la salud.<\/p>\n<p>Asimismo, el precongreso celebrado el 12 de noviembre fortaleci\u00f3 la oferta acad\u00e9mica mediante capacitaciones enfocadas en electroterapia cl\u00ednica, inteligencia artificial con prop\u00f3sito humano, rehabilitaci\u00f3n en zonas de alta marginaci\u00f3n y atenci\u00f3n en salud mental.<\/p>\n<p>La participaci\u00f3n de profesionales provenientes de diversas \u00e1reas permiti\u00f3 el intercambio de conocimientos desde un enfoque multidisciplinario, reafirmando el compromiso del DIF Tamaulipas con la mejora continua y con la atenci\u00f3n centrada en la dignidad, el bienestar y la inclusi\u00f3n de las personas con discapacidad y sus familias.<\/p>\n<p>Gracias a su organizaci\u00f3n, la presencia de especialistas de alto nivel y la relevancia de los temas abordados, este encuentro se consolid\u00f3 como un referente acad\u00e9mico en materia de rehabilitaci\u00f3n a nivel regional y nacional. Con ello, el DIF Tamaulipas y el CREE refrendan su liderazgo y vocaci\u00f3n de servicio, impulsando una rehabilitaci\u00f3n basada en la ciencia, la empat\u00eda y la innovaci\u00f3n, en beneficio de las familias tamaulipecas.<\/p>\n<p><img loading=\"lazy\" decoding=\"async\" class=\"aligncenter size-full wp-image-187768\" src=\"https:\/\/www.buroperiodistico.com.mx\/wp-content\/uploads\/2025\/11\/DIFTamaulipas-I.jpeg\" alt=\"\" width=\"640\" height=\"427\" srcset=\"https:\/\/www.buroperiodistico.com.mx\/wp-content\/uploads\/2025\/11\/DIFTamaulipas-I.jpeg 640w, https:\/\/www.buroperiodistico.com.mx\/wp-content\/uploads\/2025\/11\/DIFTamaulipas-I-300x200.jpeg 300w\" sizes=\"auto, (max-width: 640px) 100vw, 640px\" \/> <img loading=\"lazy\" decoding=\"async\" class=\"aligncenter size-full wp-image-187772\" src=\"https:\/\/www.buroperiodistico.com.mx\/wp-content\/uploads\/2025\/11\/DIFTamaulipas-IIIII.jpeg\" alt=\"\" width=\"640\" height=\"427\" srcset=\"https:\/\/www.buroperiodistico.com.mx\/wp-content\/uploads\/2025\/11\/DIFTamaulipas-IIIII.jpeg 640w, https:\/\/www.buroperiodistico.com.mx\/wp-content\/uploads\/2025\/11\/DIFTamaulipas-IIIII-300x200.jpeg 300w\" sizes=\"auto, (max-width: 640px) 100vw, 640px\" \/> <img loading=\"lazy\" decoding=\"async\" class=\"aligncenter size-full wp-image-187771\" src=\"https:\/\/www.buroperiodistico.com.mx\/wp-content\/uploads\/2025\/11\/DIFTamaulipas-IIII.jpeg\" alt=\"\" width=\"640\" height=\"427\" srcset=\"https:\/\/www.buroperiodistico.com.mx\/wp-content\/uploads\/2025\/11\/DIFTamaulipas-IIII.jpeg 640w, https:\/\/www.buroperiodistico.com.mx\/wp-content\/uploads\/2025\/11\/DIFTamaulipas-IIII-300x200.jpeg 300w\" sizes=\"auto, (max-width: 640px) 100vw, 640px\" \/> <img loading=\"lazy\" decoding=\"async\" class=\"aligncenter size-full wp-image-187770\" src=\"https:\/\/www.buroperiodistico.com.mx\/wp-content\/uploads\/2025\/11\/DIFTamaulipas-III.jpeg\" alt=\"\" width=\"640\" height=\"427\" srcset=\"https:\/\/www.buroperiodistico.com.mx\/wp-content\/uploads\/2025\/11\/DIFTamaulipas-III.jpeg 640w, https:\/\/www.buroperiodistico.com.mx\/wp-content\/uploads\/2025\/11\/DIFTamaulipas-III-300x200.jpeg 300w\" sizes=\"auto, (max-width: 640px) 100vw, 640px\" \/> <img loading=\"lazy\" decoding=\"async\" class=\"aligncenter size-full wp-image-187769\" src=\"https:\/\/www.buroperiodistico.com.mx\/wp-content\/uploads\/2025\/11\/DIFTamaulipas-II.jpeg\" alt=\"\" width=\"640\" height=\"427\" srcset=\"https:\/\/www.buroperiodistico.com.mx\/wp-content\/uploads\/2025\/11\/DIFTamaulipas-II.jpeg 640w, https:\/\/www.buroperiodistico.com.mx\/wp-content\/uploads\/2025\/11\/DIFTamaulipas-II-300x200.jpeg 300w\" sizes=\"auto, (max-width: 640px) 100vw, 640px\" \/><\/p>\n","protected":false},"excerpt":{"rendered":"<p>Ciudad Victoria, Tamaulipas (14-Noviembre-2025).- Con una destacada participaci\u00f3n de especialistas, estudiantes y profesionales del pa\u00eds,&#8230;<\/p>\n","protected":false},"author":1,"featured_media":187773,"comment_status":"closed","ping_status":"closed","sticky":false,"template":"","format":"standard","meta":{"footnotes":"","jetpack_publicize_message":"","jetpack_publicize_feature_enabled":true,"jetpack_social_post_already_shared":true,"jetpack_social_options":{"image_generator_settings":{"template":"highway","default_image_id":0,"font":"","enabled":false},"version":2}},"categories":[10],"tags":[],"class_list":["post-187767","post","type-post","status-publish","format-standard","has-post-thumbnail","hentry","category-tamaulipas"],"jetpack_publicize_connections":[],"_links":{"self":[{"href":"https:\/\/www.buroperiodistico.com.mx\/index.php?rest_route=\/wp\/v2\/posts\/187767","targetHints":{"allow":["GET"]}}],"collection":[{"href":"https:\/\/www.buroperiodistico.com.mx\/index.php?rest_route=\/wp\/v2\/posts"}],"about":[{"href":"https:\/\/www.buroperiodistico.com.mx\/index.php?rest_route=\/wp\/v2\/types\/post"}],"author":[{"embeddable":true,"href":"https:\/\/www.buroperiodistico.com.mx\/index.php?rest_route=\/wp\/v2\/users\/1"}],"replies":[{"embeddable":true,"href":"https:\/\/www.buroperiodistico.com.mx\/index.php?rest_route=%2Fwp%2Fv2%2Fcomments&post=187767"}],"version-history":[{"count":0,"href":"https:\/\/www.buroperiodistico.com.mx\/index.php?rest_route=\/wp\/v2\/posts\/187767\/revisions"}],"wp:featuredmedia":[{"embeddable":true,"href":"https:\/\/www.buroperiodistico.com.mx\/index.php?rest_route=\/wp\/v2\/media\/187773"}],"wp:attachment":[{"href":"https:\/\/www.buroperiodistico.com.mx\/index.php?rest_route=%2Fwp%2Fv2%2Fmedia&parent=187767"}],"wp:term":[{"taxonomy":"category","embeddable":true,"href":"https:\/\/www.buroperiodistico.com.mx\/index.php?rest_route=%2Fwp%2Fv2%2Fcategories&post=187767"},{"taxonomy":"post_tag","embeddable":true,"href":"https:\/\/www.buroperiodistico.com.mx\/index.php?rest_route=%2Fwp%2Fv2%2Ftags&post=187767"}],"curies":[{"name":"wp","href":"https:\/\/api.w.org\/{rel}","templated":true}]}}