{"id":187758,"date":"2025-11-14T11:32:02","date_gmt":"2025-11-14T17:32:02","guid":{"rendered":"https:\/\/www.buroperiodistico.com.mx\/?p=187758"},"modified":"2025-11-14T11:32:02","modified_gmt":"2025-11-14T17:32:02","slug":"capacita-dema-a-jovenes-y-familias-en-primeros-auxilios","status":"publish","type":"post","link":"https:\/\/www.buroperiodistico.com.mx\/?p=187758","title":{"rendered":"Capacita DEMA a j\u00f3venes y familias en primeros auxilios"},"content":{"rendered":"<ul>\n<li><strong><em>Estas actividades socioeducativas orientan los procesos de reintegraci\u00f3n<\/em><\/strong><\/li>\n<\/ul>\n<p><strong><img loading=\"lazy\" decoding=\"async\" class=\" wp-image-187761 alignright\" src=\"https:\/\/www.buroperiodistico.com.mx\/wp-content\/uploads\/2025\/11\/SSPauxilios.jpeg\" alt=\"\" width=\"630\" height=\"352\" srcset=\"https:\/\/www.buroperiodistico.com.mx\/wp-content\/uploads\/2025\/11\/SSPauxilios.jpeg 1024w, https:\/\/www.buroperiodistico.com.mx\/wp-content\/uploads\/2025\/11\/SSPauxilios-300x168.jpeg 300w, https:\/\/www.buroperiodistico.com.mx\/wp-content\/uploads\/2025\/11\/SSPauxilios-768x429.jpeg 768w\" sizes=\"auto, (max-width: 630px) 100vw, 630px\" \/>Matamoros, Tamaulipas (14-Noviembre-2025).-<\/strong> Como parte de las acciones de reinserci\u00f3n social y fortalecimiento comunitario, la Direcci\u00f3n de Ejecuci\u00f3n de Medidas para Adolescentes (DEMA) llev\u00f3 a cabo una jornada de capacitaci\u00f3n en primeros auxilios dirigida a adolescentes y j\u00f3venes sujetos a medidas no privativas de libertad, as\u00ed como a sus familias.<\/p>\n<p>La actividad, realizada en el Centro Regional de Ejecuci\u00f3n de Medidas para Adolescentes de Matamoros, se desarroll\u00f3 en coordinaci\u00f3n con la Asociaci\u00f3n Civil \u201cOrdu\u00f1a\u201d, que imparti\u00f3 una pl\u00e1tica sobre atenci\u00f3n inmediata en situaciones de emergencia.<\/p>\n<p>El prop\u00f3sito fue brindar herramientas para actuar de manera eficaz y segura ante accidentes, preservando la vida y evitando que las lesiones se agraven mientras llegan los cuerpos de atenci\u00f3n m\u00e9dica.<\/p>\n<p>Durante la jornada, los asistentes aprendieron t\u00e9cnicas b\u00e1sicas de reanimaci\u00f3n, control de hemorragias, manejo de fracturas y medidas preventivas en el hogar y espacios p\u00fablicos.<\/p>\n<p>Adem\u00e1s, se promovi\u00f3 la importancia de mantener la calma y solicitar oportunamente el apoyo de los servicios de emergencia.<\/p>\n<p>Este tipo de actividades forman parte del enfoque socioeducativo que gu\u00eda el tratamiento de los adolescentes en proceso de reintegraci\u00f3n, al dotarlos de conocimientos \u00fatiles para la vida diaria y el bienestar com\u00fan.<\/p>\n<p><img loading=\"lazy\" decoding=\"async\" class=\"aligncenter size-full wp-image-187760\" src=\"https:\/\/www.buroperiodistico.com.mx\/wp-content\/uploads\/2025\/11\/SSPauxilios-II.jpeg\" alt=\"\" width=\"640\" height=\"288\" srcset=\"https:\/\/www.buroperiodistico.com.mx\/wp-content\/uploads\/2025\/11\/SSPauxilios-II.jpeg 640w, https:\/\/www.buroperiodistico.com.mx\/wp-content\/uploads\/2025\/11\/SSPauxilios-II-300x135.jpeg 300w\" sizes=\"auto, (max-width: 640px) 100vw, 640px\" \/> <img loading=\"lazy\" decoding=\"async\" class=\"aligncenter size-full wp-image-187759\" src=\"https:\/\/www.buroperiodistico.com.mx\/wp-content\/uploads\/2025\/11\/SSPauxilios-I.jpeg\" alt=\"\" width=\"423\" height=\"640\" srcset=\"https:\/\/www.buroperiodistico.com.mx\/wp-content\/uploads\/2025\/11\/SSPauxilios-I.jpeg 423w, https:\/\/www.buroperiodistico.com.mx\/wp-content\/uploads\/2025\/11\/SSPauxilios-I-198x300.jpeg 198w\" sizes=\"auto, (max-width: 423px) 100vw, 423px\" \/><\/p>\n","protected":false},"excerpt":{"rendered":"<p>Estas actividades socioeducativas orientan los procesos de reintegraci\u00f3n Matamoros, Tamaulipas (14-Noviembre-2025).- Como parte de las&#8230;<\/p>\n","protected":false},"author":1,"featured_media":187761,"comment_status":"closed","ping_status":"closed","sticky":false,"template":"","format":"standard","meta":{"footnotes":"","jetpack_publicize_message":"","jetpack_publicize_feature_enabled":true,"jetpack_social_post_already_shared":true,"jetpack_social_options":{"image_generator_settings":{"template":"highway","default_image_id":0,"font":"","enabled":false},"version":2}},"categories":[10],"tags":[],"class_list":["post-187758","post","type-post","status-publish","format-standard","has-post-thumbnail","hentry","category-tamaulipas"],"jetpack_publicize_connections":[],"_links":{"self":[{"href":"https:\/\/www.buroperiodistico.com.mx\/index.php?rest_route=\/wp\/v2\/posts\/187758","targetHints":{"allow":["GET"]}}],"collection":[{"href":"https:\/\/www.buroperiodistico.com.mx\/index.php?rest_route=\/wp\/v2\/posts"}],"about":[{"href":"https:\/\/www.buroperiodistico.com.mx\/index.php?rest_route=\/wp\/v2\/types\/post"}],"author":[{"embeddable":true,"href":"https:\/\/www.buroperiodistico.com.mx\/index.php?rest_route=\/wp\/v2\/users\/1"}],"replies":[{"embeddable":true,"href":"https:\/\/www.buroperiodistico.com.mx\/index.php?rest_route=%2Fwp%2Fv2%2Fcomments&post=187758"}],"version-history":[{"count":0,"href":"https:\/\/www.buroperiodistico.com.mx\/index.php?rest_route=\/wp\/v2\/posts\/187758\/revisions"}],"wp:featuredmedia":[{"embeddable":true,"href":"https:\/\/www.buroperiodistico.com.mx\/index.php?rest_route=\/wp\/v2\/media\/187761"}],"wp:attachment":[{"href":"https:\/\/www.buroperiodistico.com.mx\/index.php?rest_route=%2Fwp%2Fv2%2Fmedia&parent=187758"}],"wp:term":[{"taxonomy":"category","embeddable":true,"href":"https:\/\/www.buroperiodistico.com.mx\/index.php?rest_route=%2Fwp%2Fv2%2Fcategories&post=187758"},{"taxonomy":"post_tag","embeddable":true,"href":"https:\/\/www.buroperiodistico.com.mx\/index.php?rest_route=%2Fwp%2Fv2%2Ftags&post=187758"}],"curies":[{"name":"wp","href":"https:\/\/api.w.org\/{rel}","templated":true}]}}