{"id":187732,"date":"2025-11-14T10:39:12","date_gmt":"2025-11-14T16:39:12","guid":{"rendered":"https:\/\/www.buroperiodistico.com.mx\/?p=187732"},"modified":"2025-11-14T10:39:12","modified_gmt":"2025-11-14T16:39:12","slug":"matan-a-2-implicados-en-crimen-de-manzo","status":"publish","type":"post","link":"https:\/\/www.buroperiodistico.com.mx\/?p=187732","title":{"rendered":"Matan a 2 implicados en crimen de Manzo"},"content":{"rendered":"<p><em><strong><img loading=\"lazy\" decoding=\"async\" class=\" wp-image-187734 alignright\" src=\"https:\/\/www.buroperiodistico.com.mx\/wp-content\/uploads\/2025\/11\/Matanx.jpeg\" alt=\"\" width=\"502\" height=\"290\" srcset=\"https:\/\/www.buroperiodistico.com.mx\/wp-content\/uploads\/2025\/11\/Matanx.jpeg 1024w, https:\/\/www.buroperiodistico.com.mx\/wp-content\/uploads\/2025\/11\/Matanx-300x173.jpeg 300w, https:\/\/www.buroperiodistico.com.mx\/wp-content\/uploads\/2025\/11\/Matanx-768x443.jpeg 768w\" sizes=\"auto, (max-width: 502px) 100vw, 502px\" \/>Morelia, M\u00e9xico (14-Nov-2025).-<\/strong><\/em> Otros dos presuntos implicados en el asesinato del Alcalde de Uruapan, Carlos Manzo, fueron ejecutados, como ocurri\u00f3 con el homicida, Miguel \u00c1ngel Ubaldo Vidales, de 17 a\u00f1os.<\/p>\n<p>Los restos de los otros dos involucrados \u2013de los que al menos uno tendr\u00eda 16 a\u00f1os\u2013 fueron localizados el lunes a un costado de la carretera Uruapan-Paracho, en Cap\u00e1cuaro, seg\u00fan reportes de la Fiscal\u00eda General del Estado, confirmados ayer por el Gobernador Alfredo Ram\u00edrez Bedolla, de Morena.<br \/>\n\u201cLo que s\u00ed confirma la Fiscal\u00eda es que participaron otras dos personas que acompa\u00f1aban al homicida\u201d, dijo el Mandatario.<\/p>\n<p>\u201cY estas personas son los dos que aparecieron en Cap\u00e1cuaro muertos, y son tambi\u00e9n los que participaron en el homicidio (de Manzo)\u201d.<\/p>\n<p>Con estas ejecuciones son ya tres los implicados en el crimen del Alcalde que han sido silenciados a balazos.<\/p>\n<p>Ubaldo Vidales, que est\u00e1 identificado como el autor material del homicidio, fue asesinado de un disparo instantes despu\u00e9s de matar al Alcalde la noche del 1 de noviembre en la plaza principal de Uruapan.<\/p>\n<p>Seg\u00fan las investigaciones de la Fiscal\u00eda estatal, el pistolero fue abatido cuando ya estaba sometido y detenido por polic\u00edas municipales que fung\u00edan como escoltas de Manzo.<\/p>\n<p>El Gobernador detall\u00f3 que la ejecuci\u00f3n de los otros dos implicados fue validada por el Secretario de Seguridad federal, Omar Garc\u00eda Harfuch, que ayer estuvo en el Estado.<\/p>\n<p>Integrantes del Gabinete de Seguridad federal acudieron a esa regi\u00f3n de Michoac\u00e1n y despu\u00e9s se reunieron con el Gobernador; la Alcaldesa de Uruapan y viuda de Manzo, Grecia Quiroz, y con aguacateros, comprometi\u00e9ndose a combatir la extorsi\u00f3n.<br \/>\nFuente: Grupo Reforma.<\/p>\n","protected":false},"excerpt":{"rendered":"<p>Morelia, M\u00e9xico (14-Nov-2025).- Otros dos presuntos implicados en el asesinato del Alcalde de Uruapan, Carlos&#8230;<\/p>\n","protected":false},"author":1,"featured_media":187734,"comment_status":"closed","ping_status":"closed","sticky":false,"template":"","format":"standard","meta":{"footnotes":"","jetpack_publicize_message":"","jetpack_publicize_feature_enabled":true,"jetpack_social_post_already_shared":true,"jetpack_social_options":{"image_generator_settings":{"template":"highway","default_image_id":0,"font":"","enabled":false},"version":2}},"categories":[11],"tags":[],"class_list":["post-187732","post","type-post","status-publish","format-standard","has-post-thumbnail","hentry","category-nacional"],"jetpack_publicize_connections":[],"_links":{"self":[{"href":"https:\/\/www.buroperiodistico.com.mx\/index.php?rest_route=\/wp\/v2\/posts\/187732","targetHints":{"allow":["GET"]}}],"collection":[{"href":"https:\/\/www.buroperiodistico.com.mx\/index.php?rest_route=\/wp\/v2\/posts"}],"about":[{"href":"https:\/\/www.buroperiodistico.com.mx\/index.php?rest_route=\/wp\/v2\/types\/post"}],"author":[{"embeddable":true,"href":"https:\/\/www.buroperiodistico.com.mx\/index.php?rest_route=\/wp\/v2\/users\/1"}],"replies":[{"embeddable":true,"href":"https:\/\/www.buroperiodistico.com.mx\/index.php?rest_route=%2Fwp%2Fv2%2Fcomments&post=187732"}],"version-history":[{"count":0,"href":"https:\/\/www.buroperiodistico.com.mx\/index.php?rest_route=\/wp\/v2\/posts\/187732\/revisions"}],"wp:featuredmedia":[{"embeddable":true,"href":"https:\/\/www.buroperiodistico.com.mx\/index.php?rest_route=\/wp\/v2\/media\/187734"}],"wp:attachment":[{"href":"https:\/\/www.buroperiodistico.com.mx\/index.php?rest_route=%2Fwp%2Fv2%2Fmedia&parent=187732"}],"wp:term":[{"taxonomy":"category","embeddable":true,"href":"https:\/\/www.buroperiodistico.com.mx\/index.php?rest_route=%2Fwp%2Fv2%2Fcategories&post=187732"},{"taxonomy":"post_tag","embeddable":true,"href":"https:\/\/www.buroperiodistico.com.mx\/index.php?rest_route=%2Fwp%2Fv2%2Ftags&post=187732"}],"curies":[{"name":"wp","href":"https:\/\/api.w.org\/{rel}","templated":true}]}}