{"id":187727,"date":"2025-11-13T21:39:21","date_gmt":"2025-11-14T03:39:21","guid":{"rendered":"https:\/\/www.buroperiodistico.com.mx\/?p=187727"},"modified":"2025-11-13T21:39:21","modified_gmt":"2025-11-14T03:39:21","slug":"gobernador-de-tamaulipas-ordena-estudio-tecnico-de-la-cuenca-del-rio-bravo","status":"publish","type":"post","link":"https:\/\/www.buroperiodistico.com.mx\/?p=187727","title":{"rendered":"Gobernador de Tamaulipas ordena estudio t\u00e9cnico de la cuenca del r\u00edo Bravo"},"content":{"rendered":"<ul>\n<li><strong><em>En acuerdo con la CONAGUA, solicita un an\u00e1lisis para asegurar consumo a la poblaci\u00f3n y productores<\/em><\/strong><\/li>\n<\/ul>\n<p><strong><img loading=\"lazy\" decoding=\"async\" class=\" wp-image-187729 alignright\" src=\"https:\/\/www.buroperiodistico.com.mx\/wp-content\/uploads\/2025\/11\/GobernadordeTamaulipas.jpeg\" alt=\"\" width=\"558\" height=\"326\" srcset=\"https:\/\/www.buroperiodistico.com.mx\/wp-content\/uploads\/2025\/11\/GobernadordeTamaulipas.jpeg 1024w, https:\/\/www.buroperiodistico.com.mx\/wp-content\/uploads\/2025\/11\/GobernadordeTamaulipas-300x175.jpeg 300w, https:\/\/www.buroperiodistico.com.mx\/wp-content\/uploads\/2025\/11\/GobernadordeTamaulipas-768x449.jpeg 768w\" sizes=\"auto, (max-width: 558px) 100vw, 558px\" \/>Ciudad de M\u00e9xico (13-Noviembre-2025).-<\/strong> Luego de reunirse con el director general de la Comisi\u00f3n Nacional del Agua, Efra\u00edn Morales L\u00f3pez, y con el prop\u00f3sito de no poner en riesgo el volumen de agua almacenado en las presas internacionales La Amistad y Falc\u00f3n, el gobernador Am\u00e9rico Villarreal Anaya instruy\u00f3 a la Secretar\u00eda de Recursos Hidr\u00e1ulicos a elaborar un estudio t\u00e9cnico sobre el comportamiento de la cuenca del r\u00edo Bravo, mismo que ser\u00e1 presentado a la CONAGUA.<\/p>\n<p>Como parte de su agenda en la Ciudad de M\u00e9xico, el gobernador de Tamaulipas y el funcionario federal, coincidieron en que la letra del Tratado de 1944 debe respetarse y en que se llevar\u00e1 a cabo un an\u00e1lisis t\u00e9cnico puntual respecto de la situaci\u00f3n mencionada.<\/p>\n<p>Villarreal Anaya manifest\u00f3 su preocupaci\u00f3n porque, en la suma de agua mexicana almacenada en las presas internacionales La Amistad y Falc\u00f3n, solo se cuenta con 219 Mm\u00b3 y se requiere un volumen a nivel de presas de 350 Mm\u00b3.<\/p>\n<p>Asimismo, se pronunci\u00f3 por que no se tomen decisiones que pongan en riesgo el agua para la poblaci\u00f3n y para los productores, sobre todo del Distrito de Riego 025.<\/p>\n<p>El mandatario tamaulipeco estuvo acompa\u00f1ado por Ra\u00fal Quiroga \u00c1lvarez, titular de la Secretar\u00eda de Recursos Hidr\u00e1ulicos, a quien encarg\u00f3 la elaboraci\u00f3n del estudio t\u00e9cnico, con el prop\u00f3sito de presentarlo a las autoridades correspondientes, previo an\u00e1lisis de la CONAGUA.<\/p>\n<p><img loading=\"lazy\" decoding=\"async\" class=\"aligncenter size-full wp-image-187728\" src=\"https:\/\/www.buroperiodistico.com.mx\/wp-content\/uploads\/2025\/11\/GobernadordeTamaulipas-I.jpeg\" alt=\"\" width=\"640\" height=\"427\" srcset=\"https:\/\/www.buroperiodistico.com.mx\/wp-content\/uploads\/2025\/11\/GobernadordeTamaulipas-I.jpeg 640w, https:\/\/www.buroperiodistico.com.mx\/wp-content\/uploads\/2025\/11\/GobernadordeTamaulipas-I-300x200.jpeg 300w\" sizes=\"auto, (max-width: 640px) 100vw, 640px\" \/><\/p>\n","protected":false},"excerpt":{"rendered":"<p>En acuerdo con la CONAGUA, solicita un an\u00e1lisis para asegurar consumo a la poblaci\u00f3n y&#8230;<\/p>\n","protected":false},"author":1,"featured_media":187729,"comment_status":"closed","ping_status":"closed","sticky":false,"template":"","format":"standard","meta":{"footnotes":"","jetpack_publicize_message":"","jetpack_publicize_feature_enabled":true,"jetpack_social_post_already_shared":true,"jetpack_social_options":{"image_generator_settings":{"template":"highway","default_image_id":0,"font":"","enabled":false},"version":2}},"categories":[25,10],"tags":[],"class_list":["post-187727","post","type-post","status-publish","format-standard","has-post-thumbnail","hentry","category-portada","category-tamaulipas"],"jetpack_publicize_connections":[],"_links":{"self":[{"href":"https:\/\/www.buroperiodistico.com.mx\/index.php?rest_route=\/wp\/v2\/posts\/187727","targetHints":{"allow":["GET"]}}],"collection":[{"href":"https:\/\/www.buroperiodistico.com.mx\/index.php?rest_route=\/wp\/v2\/posts"}],"about":[{"href":"https:\/\/www.buroperiodistico.com.mx\/index.php?rest_route=\/wp\/v2\/types\/post"}],"author":[{"embeddable":true,"href":"https:\/\/www.buroperiodistico.com.mx\/index.php?rest_route=\/wp\/v2\/users\/1"}],"replies":[{"embeddable":true,"href":"https:\/\/www.buroperiodistico.com.mx\/index.php?rest_route=%2Fwp%2Fv2%2Fcomments&post=187727"}],"version-history":[{"count":0,"href":"https:\/\/www.buroperiodistico.com.mx\/index.php?rest_route=\/wp\/v2\/posts\/187727\/revisions"}],"wp:featuredmedia":[{"embeddable":true,"href":"https:\/\/www.buroperiodistico.com.mx\/index.php?rest_route=\/wp\/v2\/media\/187729"}],"wp:attachment":[{"href":"https:\/\/www.buroperiodistico.com.mx\/index.php?rest_route=%2Fwp%2Fv2%2Fmedia&parent=187727"}],"wp:term":[{"taxonomy":"category","embeddable":true,"href":"https:\/\/www.buroperiodistico.com.mx\/index.php?rest_route=%2Fwp%2Fv2%2Fcategories&post=187727"},{"taxonomy":"post_tag","embeddable":true,"href":"https:\/\/www.buroperiodistico.com.mx\/index.php?rest_route=%2Fwp%2Fv2%2Ftags&post=187727"}],"curies":[{"name":"wp","href":"https:\/\/api.w.org\/{rel}","templated":true}]}}