{"id":187715,"date":"2025-11-13T19:49:04","date_gmt":"2025-11-14T01:49:04","guid":{"rendered":"https:\/\/www.buroperiodistico.com.mx\/?p=187715"},"modified":"2025-11-13T19:49:04","modified_gmt":"2025-11-14T01:49:04","slug":"participa-stps-en-foro-tamaulipas-del-programa-mujeres-de-cambio-mujeres-al-timon","status":"publish","type":"post","link":"https:\/\/www.buroperiodistico.com.mx\/?p=187715","title":{"rendered":"Participa STPS en Foro Tamaulipas del Programa Mujeres de Cambio \u201cMujeres al Tim\u00f3n\u201d"},"content":{"rendered":"<p><em><strong><img loading=\"lazy\" decoding=\"async\" class=\" wp-image-187721 alignright\" src=\"https:\/\/www.buroperiodistico.com.mx\/wp-content\/uploads\/2025\/11\/STRTimon.jpeg\" alt=\"\" width=\"480\" height=\"275\" srcset=\"https:\/\/www.buroperiodistico.com.mx\/wp-content\/uploads\/2025\/11\/STRTimon.jpeg 1024w, https:\/\/www.buroperiodistico.com.mx\/wp-content\/uploads\/2025\/11\/STRTimon-300x172.jpeg 300w, https:\/\/www.buroperiodistico.com.mx\/wp-content\/uploads\/2025\/11\/STRTimon-768x440.jpeg 768w\" sizes=\"auto, (max-width: 480px) 100vw, 480px\" \/>Tampico, Tamaulipas (13-Noviembre-2025).-<\/strong><\/em> La Secretar\u00eda del Trabajo y Previsi\u00f3n Social de Tamaulipas particip\u00f3 en el Foro Tamaulipas del Programa \u201cMujeres de Cambio: Mujeres al Tim\u00f3n\u201d, espacio que reuni\u00f3 a mujeres l\u00edderes, emprendedoras y profesionistas comprometidas con el desarrollo econ\u00f3mico y social del estado.<\/p>\n<p>La representaci\u00f3n de la dependencia estuvo a cargo de la subsecretaria de Empleo y Productividad Laboral, Carolina Iveth Mart\u00ednez Molano, quien destac\u00f3 la importancia de fortalecer plataformas que promuevan el empoderamiento femenino y su integraci\u00f3n al \u00e1mbito laboral.<\/p>\n<p>En este marco, el secretario del Trabajo y Previsi\u00f3n Social, Luis Gerardo Illoldi Reyes, impulsa de manera decidida estas actividades desde la Secretar\u00eda, al considerar fundamental abrir m\u00e1s oportunidades de capacitaci\u00f3n, vinculaci\u00f3n y crecimiento profesional para las mujeres tamaulipecas, especialmente a trav\u00e9s del Servicio Nacional de Empleo.<\/p>\n<p>La STPS refrend\u00f3 su compromiso de seguir construyendo pol\u00edticas que garanticen igualdad, desarrollo y acceso a empleos dignos para todas.<\/p>\n<p>La subsecretaria se\u00f1al\u00f3 que el Gobierno de Tamaulipas, encabezado por Am\u00e9rico Villarreal Anaya, contin\u00faa impulsando un gobierno humanista y de transformaci\u00f3n, que reconoce y respalda el liderazgo de las mujeres en todos los sectores.<\/p>\n<p><img loading=\"lazy\" decoding=\"async\" class=\"aligncenter size-full wp-image-187716\" src=\"https:\/\/www.buroperiodistico.com.mx\/wp-content\/uploads\/2025\/11\/STRTimon-I.jpeg\" alt=\"\" width=\"640\" height=\"427\" srcset=\"https:\/\/www.buroperiodistico.com.mx\/wp-content\/uploads\/2025\/11\/STRTimon-I.jpeg 640w, https:\/\/www.buroperiodistico.com.mx\/wp-content\/uploads\/2025\/11\/STRTimon-I-300x200.jpeg 300w\" sizes=\"auto, (max-width: 640px) 100vw, 640px\" \/> <img loading=\"lazy\" decoding=\"async\" class=\"aligncenter size-full wp-image-187720\" src=\"https:\/\/www.buroperiodistico.com.mx\/wp-content\/uploads\/2025\/11\/STRTimon-IIIII.jpeg\" alt=\"\" width=\"640\" height=\"427\" srcset=\"https:\/\/www.buroperiodistico.com.mx\/wp-content\/uploads\/2025\/11\/STRTimon-IIIII.jpeg 640w, https:\/\/www.buroperiodistico.com.mx\/wp-content\/uploads\/2025\/11\/STRTimon-IIIII-300x200.jpeg 300w\" sizes=\"auto, (max-width: 640px) 100vw, 640px\" \/> <img loading=\"lazy\" decoding=\"async\" class=\"aligncenter size-full wp-image-187719\" src=\"https:\/\/www.buroperiodistico.com.mx\/wp-content\/uploads\/2025\/11\/STRTimon-IIII.jpeg\" alt=\"\" width=\"640\" height=\"427\" srcset=\"https:\/\/www.buroperiodistico.com.mx\/wp-content\/uploads\/2025\/11\/STRTimon-IIII.jpeg 640w, https:\/\/www.buroperiodistico.com.mx\/wp-content\/uploads\/2025\/11\/STRTimon-IIII-300x200.jpeg 300w\" sizes=\"auto, (max-width: 640px) 100vw, 640px\" \/> <img loading=\"lazy\" decoding=\"async\" class=\"aligncenter size-full wp-image-187718\" src=\"https:\/\/www.buroperiodistico.com.mx\/wp-content\/uploads\/2025\/11\/STRTimon-III.jpeg\" alt=\"\" width=\"640\" height=\"427\" srcset=\"https:\/\/www.buroperiodistico.com.mx\/wp-content\/uploads\/2025\/11\/STRTimon-III.jpeg 640w, https:\/\/www.buroperiodistico.com.mx\/wp-content\/uploads\/2025\/11\/STRTimon-III-300x200.jpeg 300w\" sizes=\"auto, (max-width: 640px) 100vw, 640px\" \/> <img loading=\"lazy\" decoding=\"async\" class=\"aligncenter size-full wp-image-187717\" src=\"https:\/\/www.buroperiodistico.com.mx\/wp-content\/uploads\/2025\/11\/STRTimon-II.jpeg\" alt=\"\" width=\"640\" height=\"427\" srcset=\"https:\/\/www.buroperiodistico.com.mx\/wp-content\/uploads\/2025\/11\/STRTimon-II.jpeg 640w, https:\/\/www.buroperiodistico.com.mx\/wp-content\/uploads\/2025\/11\/STRTimon-II-300x200.jpeg 300w\" sizes=\"auto, (max-width: 640px) 100vw, 640px\" \/><\/p>\n","protected":false},"excerpt":{"rendered":"<p>Tampico, Tamaulipas (13-Noviembre-2025).- La Secretar\u00eda del Trabajo y Previsi\u00f3n Social de Tamaulipas particip\u00f3 en el&#8230;<\/p>\n","protected":false},"author":1,"featured_media":187721,"comment_status":"closed","ping_status":"closed","sticky":false,"template":"","format":"standard","meta":{"footnotes":"","jetpack_publicize_message":"","jetpack_publicize_feature_enabled":true,"jetpack_social_post_already_shared":true,"jetpack_social_options":{"image_generator_settings":{"template":"highway","default_image_id":0,"font":"","enabled":false},"version":2}},"categories":[10],"tags":[],"class_list":["post-187715","post","type-post","status-publish","format-standard","has-post-thumbnail","hentry","category-tamaulipas"],"jetpack_publicize_connections":[],"_links":{"self":[{"href":"https:\/\/www.buroperiodistico.com.mx\/index.php?rest_route=\/wp\/v2\/posts\/187715","targetHints":{"allow":["GET"]}}],"collection":[{"href":"https:\/\/www.buroperiodistico.com.mx\/index.php?rest_route=\/wp\/v2\/posts"}],"about":[{"href":"https:\/\/www.buroperiodistico.com.mx\/index.php?rest_route=\/wp\/v2\/types\/post"}],"author":[{"embeddable":true,"href":"https:\/\/www.buroperiodistico.com.mx\/index.php?rest_route=\/wp\/v2\/users\/1"}],"replies":[{"embeddable":true,"href":"https:\/\/www.buroperiodistico.com.mx\/index.php?rest_route=%2Fwp%2Fv2%2Fcomments&post=187715"}],"version-history":[{"count":0,"href":"https:\/\/www.buroperiodistico.com.mx\/index.php?rest_route=\/wp\/v2\/posts\/187715\/revisions"}],"wp:featuredmedia":[{"embeddable":true,"href":"https:\/\/www.buroperiodistico.com.mx\/index.php?rest_route=\/wp\/v2\/media\/187721"}],"wp:attachment":[{"href":"https:\/\/www.buroperiodistico.com.mx\/index.php?rest_route=%2Fwp%2Fv2%2Fmedia&parent=187715"}],"wp:term":[{"taxonomy":"category","embeddable":true,"href":"https:\/\/www.buroperiodistico.com.mx\/index.php?rest_route=%2Fwp%2Fv2%2Fcategories&post=187715"},{"taxonomy":"post_tag","embeddable":true,"href":"https:\/\/www.buroperiodistico.com.mx\/index.php?rest_route=%2Fwp%2Fv2%2Ftags&post=187715"}],"curies":[{"name":"wp","href":"https:\/\/api.w.org\/{rel}","templated":true}]}}