{"id":187709,"date":"2025-11-13T18:42:19","date_gmt":"2025-11-14T00:42:19","guid":{"rendered":"https:\/\/www.buroperiodistico.com.mx\/?p=187709"},"modified":"2025-11-13T18:42:19","modified_gmt":"2025-11-14T00:42:19","slug":"puso-en-marcha-carlos-pena-ortiz-el-operativo-de-seguridad-buen-fin-2025","status":"publish","type":"post","link":"https:\/\/www.buroperiodistico.com.mx\/?p=187709","title":{"rendered":"Puso en marcha Carlos Pe\u00f1a Ortiz el Operativo de Seguridad Buen Fin 2025"},"content":{"rendered":"<p><em><strong><img loading=\"lazy\" decoding=\"async\" class=\" wp-image-187711 alignright\" src=\"https:\/\/www.buroperiodistico.com.mx\/wp-content\/uploads\/2025\/11\/Opex.jpeg\" alt=\"\" width=\"489\" height=\"303\" srcset=\"https:\/\/www.buroperiodistico.com.mx\/wp-content\/uploads\/2025\/11\/Opex.jpeg 1024w, https:\/\/www.buroperiodistico.com.mx\/wp-content\/uploads\/2025\/11\/Opex-300x186.jpeg 300w, https:\/\/www.buroperiodistico.com.mx\/wp-content\/uploads\/2025\/11\/Opex-768x476.jpeg 768w\" sizes=\"auto, (max-width: 489px) 100vw, 489px\" \/>Reynosa, Tam (13-Noviembre-2025).-<\/strong><\/em> El Presidente Carlos Pe\u00f1a Ortiz dio la se\u00f1al de inicio al Operativo de Seguridad Buen Fin 2025, acompa\u00f1ado por la Senadora Maki Esther Ortiz Dom\u00ednguez; por el l\u00edder de la CANACO local, Gildardo L\u00f3pez Hinojosa; por el Fiscal de Distrito Abel Ram\u00edrez Gonz\u00e1lez y el Polic\u00eda A, Jes\u00fas Torres Castillo, Delegado de la Guardia Estatal.<\/p>\n<p>Hizo \u00e9nfasis el Alcalde en que: \u00abdebemos denunciar cualquier tipo de situaci\u00f3n que se presente para las familias de Reynosa,<br \/>\ncu\u00eddense mucho y cualquier cosa acu\u00e9rdense que su Alcalde y el Gobierno Municipal estamos a sus \u00f3rdenes\u00bb. El Operativo est\u00e1 integrado por corporaciones estatales y municipales.<\/p>\n<p>En el banderazo al Operativo de Seguridad participaron: la Coordinadora Federal de Econom\u00eda en el Norte de Tamaulipas, Blandina Rosa Guerra Fern\u00e1ndez; el Diputado Local Juan Carlos Zertuche Romero; el Director de PROFECO Noreste, Jos\u00e9 Luis M\u00e1rquez S\u00e1nchez, y Berenice Cant\u00fa Moreno, Directora de Inmobiliarios Mexicanos, propietaria de la plaza comercial Puerta Grande, entre otros invitados.<\/p>\n<p>#ReynosaImparable<br \/>\n#GobiernoMunicipalDeReynosa<\/p>\n<p><img loading=\"lazy\" decoding=\"async\" class=\"aligncenter size-full wp-image-187710\" src=\"https:\/\/www.buroperiodistico.com.mx\/wp-content\/uploads\/2025\/11\/Opex-I.jpeg\" alt=\"\" width=\"640\" height=\"427\" srcset=\"https:\/\/www.buroperiodistico.com.mx\/wp-content\/uploads\/2025\/11\/Opex-I.jpeg 640w, https:\/\/www.buroperiodistico.com.mx\/wp-content\/uploads\/2025\/11\/Opex-I-300x200.jpeg 300w\" sizes=\"auto, (max-width: 640px) 100vw, 640px\" \/><\/p>\n","protected":false},"excerpt":{"rendered":"<p>Reynosa, Tam (13-Noviembre-2025).- El Presidente Carlos Pe\u00f1a Ortiz dio la se\u00f1al de inicio al Operativo&#8230;<\/p>\n","protected":false},"author":1,"featured_media":187711,"comment_status":"closed","ping_status":"closed","sticky":false,"template":"","format":"standard","meta":{"footnotes":"","jetpack_publicize_message":"","jetpack_publicize_feature_enabled":true,"jetpack_social_post_already_shared":true,"jetpack_social_options":{"image_generator_settings":{"template":"highway","default_image_id":0,"font":"","enabled":false},"version":2}},"categories":[25,9],"tags":[],"class_list":["post-187709","post","type-post","status-publish","format-standard","has-post-thumbnail","hentry","category-portada","category-reynosa"],"jetpack_publicize_connections":[],"_links":{"self":[{"href":"https:\/\/www.buroperiodistico.com.mx\/index.php?rest_route=\/wp\/v2\/posts\/187709","targetHints":{"allow":["GET"]}}],"collection":[{"href":"https:\/\/www.buroperiodistico.com.mx\/index.php?rest_route=\/wp\/v2\/posts"}],"about":[{"href":"https:\/\/www.buroperiodistico.com.mx\/index.php?rest_route=\/wp\/v2\/types\/post"}],"author":[{"embeddable":true,"href":"https:\/\/www.buroperiodistico.com.mx\/index.php?rest_route=\/wp\/v2\/users\/1"}],"replies":[{"embeddable":true,"href":"https:\/\/www.buroperiodistico.com.mx\/index.php?rest_route=%2Fwp%2Fv2%2Fcomments&post=187709"}],"version-history":[{"count":0,"href":"https:\/\/www.buroperiodistico.com.mx\/index.php?rest_route=\/wp\/v2\/posts\/187709\/revisions"}],"wp:featuredmedia":[{"embeddable":true,"href":"https:\/\/www.buroperiodistico.com.mx\/index.php?rest_route=\/wp\/v2\/media\/187711"}],"wp:attachment":[{"href":"https:\/\/www.buroperiodistico.com.mx\/index.php?rest_route=%2Fwp%2Fv2%2Fmedia&parent=187709"}],"wp:term":[{"taxonomy":"category","embeddable":true,"href":"https:\/\/www.buroperiodistico.com.mx\/index.php?rest_route=%2Fwp%2Fv2%2Fcategories&post=187709"},{"taxonomy":"post_tag","embeddable":true,"href":"https:\/\/www.buroperiodistico.com.mx\/index.php?rest_route=%2Fwp%2Fv2%2Ftags&post=187709"}],"curies":[{"name":"wp","href":"https:\/\/api.w.org\/{rel}","templated":true}]}}