{"id":187701,"date":"2025-11-13T18:32:57","date_gmt":"2025-11-14T00:32:57","guid":{"rendered":"https:\/\/www.buroperiodistico.com.mx\/?p=187701"},"modified":"2025-11-13T18:32:57","modified_gmt":"2025-11-14T00:32:57","slug":"dif-tamaulipas-transforma-la-vida-de-las-familias-en-soto-la-marina","status":"publish","type":"post","link":"https:\/\/www.buroperiodistico.com.mx\/?p=187701","title":{"rendered":"DIF Tamaulipas transforma la vida de las familias en Soto la Marina"},"content":{"rendered":"<p><em><strong><img loading=\"lazy\" decoding=\"async\" class=\" wp-image-187706 alignright\" src=\"https:\/\/www.buroperiodistico.com.mx\/wp-content\/uploads\/2025\/11\/DIFMarina.jpeg\" alt=\"\" width=\"566\" height=\"347\" srcset=\"https:\/\/www.buroperiodistico.com.mx\/wp-content\/uploads\/2025\/11\/DIFMarina.jpeg 1024w, https:\/\/www.buroperiodistico.com.mx\/wp-content\/uploads\/2025\/11\/DIFMarina-300x184.jpeg 300w, https:\/\/www.buroperiodistico.com.mx\/wp-content\/uploads\/2025\/11\/DIFMarina-768x471.jpeg 768w\" sizes=\"auto, (max-width: 566px) 100vw, 566px\" \/>Soto la Marina, Tamaulipas (13-Noviembre-2025).-<\/strong><\/em> La alegr\u00eda y el movimiento comenzaron desde muy temprano en la cabecera municipal de Soto la Marina, donde cerca de dos mil familias se dieron cita para recibir los apoyos y servicios de la brigada \u201cTransformando Familias\u201d, una iniciativa del Sistema DIF Tamaulipas que preside la doctora Mar\u00eda de Villarreal, en colaboraci\u00f3n con dependencias de los tres niveles de gobierno.<\/p>\n<p>Durante la jornada, las familias accedieron a servicios m\u00e9dicos, atenci\u00f3n dental, asesor\u00eda jur\u00eddica, orientaci\u00f3n alimentaria, lentes para vista cansada y apoyos funcionales, entre otros. Tambi\u00e9n se ofrecieron espacios de orientaci\u00f3n para j\u00f3venes y mujeres, as\u00ed como actividades enfocadas en el bienestar integral.<\/p>\n<p>La directora general del DIF Estatal, Patricia Lara Ayala, agradeci\u00f3 la c\u00e1lida recepci\u00f3n de la alcaldesa Glynnis Jim\u00e9nez V\u00e1zquez y su equipo, y reconoci\u00f3 el esfuerzo conjunto que hace posible que estas brigadas lleguen a cada rinc\u00f3n del estado.<\/p>\n<p>\u201cEstas acciones son una muestra del cari\u00f1o y compromiso del gobernador Am\u00e9rico Villarreal Anaya y de la doctora Mar\u00eda de Villarreal, quienes buscan que los apoyos lleguen a todos los puntos de Tamaulipas. Hoy estamos aqu\u00ed trabajando y aprovechando juntos esta oportunidad de servir\u201d, expres\u00f3.<\/p>\n<p>A la jornada se sumaron dependencias estatales como las secretar\u00edas de Salud, Educaci\u00f3n, Bienestar, Desarrollo Urbano y Medio Ambiente, Econom\u00eda, Obras P\u00fablicas, Turismo y Desarrollo Rural, adem\u00e1s de organismos federales como Liconsa, que brindaron atenci\u00f3n directa a las familias de la zona y comunidades cercanas.<\/p>\n<p>A trav\u00e9s de \u201cTransformando Familias\u201d, el DIF Tamaulipas contin\u00faa acercando servicios gratuitos que fortalecen el bienestar de las personas y promueven comunidades m\u00e1s unidas, mientras los Mensajeros de Paz siguen recorriendo el estado, llevando esperanza y soluciones que transforman la vida de quienes m\u00e1s lo necesitan.<\/p>\n<p><img loading=\"lazy\" decoding=\"async\" class=\"aligncenter size-full wp-image-187702\" src=\"https:\/\/www.buroperiodistico.com.mx\/wp-content\/uploads\/2025\/11\/DIFMarina-I.jpeg\" alt=\"\" width=\"640\" height=\"426\" srcset=\"https:\/\/www.buroperiodistico.com.mx\/wp-content\/uploads\/2025\/11\/DIFMarina-I.jpeg 640w, https:\/\/www.buroperiodistico.com.mx\/wp-content\/uploads\/2025\/11\/DIFMarina-I-300x200.jpeg 300w\" sizes=\"auto, (max-width: 640px) 100vw, 640px\" \/> <img loading=\"lazy\" decoding=\"async\" class=\"aligncenter size-full wp-image-187705\" src=\"https:\/\/www.buroperiodistico.com.mx\/wp-content\/uploads\/2025\/11\/DIFMarina-IIII.jpeg\" alt=\"\" width=\"640\" height=\"426\" srcset=\"https:\/\/www.buroperiodistico.com.mx\/wp-content\/uploads\/2025\/11\/DIFMarina-IIII.jpeg 640w, https:\/\/www.buroperiodistico.com.mx\/wp-content\/uploads\/2025\/11\/DIFMarina-IIII-300x200.jpeg 300w\" sizes=\"auto, (max-width: 640px) 100vw, 640px\" \/> <img loading=\"lazy\" decoding=\"async\" class=\"aligncenter size-full wp-image-187704\" src=\"https:\/\/www.buroperiodistico.com.mx\/wp-content\/uploads\/2025\/11\/DIFMarina-III.jpeg\" alt=\"\" width=\"640\" height=\"426\" srcset=\"https:\/\/www.buroperiodistico.com.mx\/wp-content\/uploads\/2025\/11\/DIFMarina-III.jpeg 640w, https:\/\/www.buroperiodistico.com.mx\/wp-content\/uploads\/2025\/11\/DIFMarina-III-300x200.jpeg 300w\" sizes=\"auto, (max-width: 640px) 100vw, 640px\" \/> <img loading=\"lazy\" decoding=\"async\" class=\"aligncenter size-full wp-image-187703\" src=\"https:\/\/www.buroperiodistico.com.mx\/wp-content\/uploads\/2025\/11\/DIFMarina-II.jpeg\" alt=\"\" width=\"640\" height=\"426\" srcset=\"https:\/\/www.buroperiodistico.com.mx\/wp-content\/uploads\/2025\/11\/DIFMarina-II.jpeg 640w, https:\/\/www.buroperiodistico.com.mx\/wp-content\/uploads\/2025\/11\/DIFMarina-II-300x200.jpeg 300w\" sizes=\"auto, (max-width: 640px) 100vw, 640px\" \/><\/p>\n","protected":false},"excerpt":{"rendered":"<p>Soto la Marina, Tamaulipas (13-Noviembre-2025).- La alegr\u00eda y el movimiento comenzaron desde muy temprano en&#8230;<\/p>\n","protected":false},"author":1,"featured_media":187706,"comment_status":"closed","ping_status":"closed","sticky":false,"template":"","format":"standard","meta":{"footnotes":"","jetpack_publicize_message":"","jetpack_publicize_feature_enabled":true,"jetpack_social_post_already_shared":true,"jetpack_social_options":{"image_generator_settings":{"template":"highway","default_image_id":0,"font":"","enabled":false},"version":2}},"categories":[10],"tags":[],"class_list":["post-187701","post","type-post","status-publish","format-standard","has-post-thumbnail","hentry","category-tamaulipas"],"jetpack_publicize_connections":[],"_links":{"self":[{"href":"https:\/\/www.buroperiodistico.com.mx\/index.php?rest_route=\/wp\/v2\/posts\/187701","targetHints":{"allow":["GET"]}}],"collection":[{"href":"https:\/\/www.buroperiodistico.com.mx\/index.php?rest_route=\/wp\/v2\/posts"}],"about":[{"href":"https:\/\/www.buroperiodistico.com.mx\/index.php?rest_route=\/wp\/v2\/types\/post"}],"author":[{"embeddable":true,"href":"https:\/\/www.buroperiodistico.com.mx\/index.php?rest_route=\/wp\/v2\/users\/1"}],"replies":[{"embeddable":true,"href":"https:\/\/www.buroperiodistico.com.mx\/index.php?rest_route=%2Fwp%2Fv2%2Fcomments&post=187701"}],"version-history":[{"count":0,"href":"https:\/\/www.buroperiodistico.com.mx\/index.php?rest_route=\/wp\/v2\/posts\/187701\/revisions"}],"wp:featuredmedia":[{"embeddable":true,"href":"https:\/\/www.buroperiodistico.com.mx\/index.php?rest_route=\/wp\/v2\/media\/187706"}],"wp:attachment":[{"href":"https:\/\/www.buroperiodistico.com.mx\/index.php?rest_route=%2Fwp%2Fv2%2Fmedia&parent=187701"}],"wp:term":[{"taxonomy":"category","embeddable":true,"href":"https:\/\/www.buroperiodistico.com.mx\/index.php?rest_route=%2Fwp%2Fv2%2Fcategories&post=187701"},{"taxonomy":"post_tag","embeddable":true,"href":"https:\/\/www.buroperiodistico.com.mx\/index.php?rest_route=%2Fwp%2Fv2%2Ftags&post=187701"}],"curies":[{"name":"wp","href":"https:\/\/api.w.org\/{rel}","templated":true}]}}