{"id":187697,"date":"2025-11-13T18:27:22","date_gmt":"2025-11-14T00:27:22","guid":{"rendered":"https:\/\/www.buroperiodistico.com.mx\/?p=187697"},"modified":"2025-11-13T18:27:22","modified_gmt":"2025-11-14T00:27:22","slug":"incineran-droga-en-campo-militar-de-reynosa","status":"publish","type":"post","link":"https:\/\/www.buroperiodistico.com.mx\/?p=187697","title":{"rendered":"Incineran droga en campo militar de Reynosa"},"content":{"rendered":"<p><em><strong><img loading=\"lazy\" decoding=\"async\" class=\" wp-image-187698 alignright\" src=\"https:\/\/www.buroperiodistico.com.mx\/wp-content\/uploads\/2025\/11\/Inxix.jpg\" alt=\"\" width=\"596\" height=\"322\" srcset=\"https:\/\/www.buroperiodistico.com.mx\/wp-content\/uploads\/2025\/11\/Inxix.jpg 1110w, https:\/\/www.buroperiodistico.com.mx\/wp-content\/uploads\/2025\/11\/Inxix-300x162.jpg 300w, https:\/\/www.buroperiodistico.com.mx\/wp-content\/uploads\/2025\/11\/Inxix-1024x554.jpg 1024w, https:\/\/www.buroperiodistico.com.mx\/wp-content\/uploads\/2025\/11\/Inxix-768x415.jpg 768w\" sizes=\"auto, (max-width: 596px) 100vw, 596px\" \/>Reynosa, Tam (13-Noviembre-2025).-<\/strong><\/em> En un acto simb\u00f3lico, la Octava Zona Militar de Reynosa, en colaboraci\u00f3n con la Fiscal\u00eda General de la Rep\u00fablica (FGR) y expertos en criminolog\u00eda, llev\u00f3 a cabo la incineraci\u00f3n de enervantes decomisados en diversas operaciones en esta zona fronteriza.<\/p>\n<p>La oficial Jazm\u00edn Trejo destac\u00f3 las cantidades de sustancias destruidas durante el evento.<\/p>\n<p>Antes de la incineraci\u00f3n, los enervantes fueron sometidos a un an\u00e1lisis qu\u00edmico por parte de la FGR, que confirm\u00f3 que todas las muestras resultaron positivas.<br \/>\nAl concluir el acto, los enervantes fueron reducidos a cenizas, evidenciando as\u00ed el compromiso de las autoridades en la lucha contra el narcotr\u00e1fico.<\/p>\n<div style=\"width: 432px;\" class=\"wp-video\"><video class=\"wp-video-shortcode\" id=\"video-187697-1\" width=\"432\" height=\"768\" preload=\"metadata\" controls=\"controls\"><source type=\"video\/mp4\" src=\"https:\/\/www.buroperiodistico.com.mx\/wp-content\/uploads\/2025\/11\/WhatsApp-Video-2025-11-13-at-6.06.16-PM.mp4?_=1\" \/><a href=\"https:\/\/www.buroperiodistico.com.mx\/wp-content\/uploads\/2025\/11\/WhatsApp-Video-2025-11-13-at-6.06.16-PM.mp4\">https:\/\/www.buroperiodistico.com.mx\/wp-content\/uploads\/2025\/11\/WhatsApp-Video-2025-11-13-at-6.06.16-PM.mp4<\/a><\/video><\/div>\n","protected":false},"excerpt":{"rendered":"<p>Reynosa, Tam (13-Noviembre-2025).- En un acto simb\u00f3lico, la Octava Zona Militar de Reynosa, en colaboraci\u00f3n&#8230;<\/p>\n","protected":false},"author":1,"featured_media":187698,"comment_status":"closed","ping_status":"closed","sticky":false,"template":"","format":"standard","meta":{"footnotes":"","jetpack_publicize_message":"","jetpack_publicize_feature_enabled":true,"jetpack_social_post_already_shared":true,"jetpack_social_options":{"image_generator_settings":{"template":"highway","default_image_id":0,"font":"","enabled":false},"version":2}},"categories":[9],"tags":[],"class_list":["post-187697","post","type-post","status-publish","format-standard","has-post-thumbnail","hentry","category-reynosa"],"jetpack_publicize_connections":[],"_links":{"self":[{"href":"https:\/\/www.buroperiodistico.com.mx\/index.php?rest_route=\/wp\/v2\/posts\/187697","targetHints":{"allow":["GET"]}}],"collection":[{"href":"https:\/\/www.buroperiodistico.com.mx\/index.php?rest_route=\/wp\/v2\/posts"}],"about":[{"href":"https:\/\/www.buroperiodistico.com.mx\/index.php?rest_route=\/wp\/v2\/types\/post"}],"author":[{"embeddable":true,"href":"https:\/\/www.buroperiodistico.com.mx\/index.php?rest_route=\/wp\/v2\/users\/1"}],"replies":[{"embeddable":true,"href":"https:\/\/www.buroperiodistico.com.mx\/index.php?rest_route=%2Fwp%2Fv2%2Fcomments&post=187697"}],"version-history":[{"count":0,"href":"https:\/\/www.buroperiodistico.com.mx\/index.php?rest_route=\/wp\/v2\/posts\/187697\/revisions"}],"wp:featuredmedia":[{"embeddable":true,"href":"https:\/\/www.buroperiodistico.com.mx\/index.php?rest_route=\/wp\/v2\/media\/187698"}],"wp:attachment":[{"href":"https:\/\/www.buroperiodistico.com.mx\/index.php?rest_route=%2Fwp%2Fv2%2Fmedia&parent=187697"}],"wp:term":[{"taxonomy":"category","embeddable":true,"href":"https:\/\/www.buroperiodistico.com.mx\/index.php?rest_route=%2Fwp%2Fv2%2Fcategories&post=187697"},{"taxonomy":"post_tag","embeddable":true,"href":"https:\/\/www.buroperiodistico.com.mx\/index.php?rest_route=%2Fwp%2Fv2%2Ftags&post=187697"}],"curies":[{"name":"wp","href":"https:\/\/api.w.org\/{rel}","templated":true}]}}