{"id":187685,"date":"2025-11-13T18:17:29","date_gmt":"2025-11-14T00:17:29","guid":{"rendered":"https:\/\/www.buroperiodistico.com.mx\/?p=187685"},"modified":"2025-11-13T18:17:29","modified_gmt":"2025-11-14T00:17:29","slug":"realizan-segunda-sesion-ordinaria-del-consejo-municipal-de-proteccion-civil","status":"publish","type":"post","link":"https:\/\/www.buroperiodistico.com.mx\/?p=187685","title":{"rendered":"REALIZAN SEGUNDA SESI\u00d3N ORDINARIA DEL CONSEJO MUNICIPAL DE PROTECCI\u00d3N CIVIL"},"content":{"rendered":"<p dir=\"ltr\"><em><strong><img loading=\"lazy\" decoding=\"async\" class=\" wp-image-187688 alignright\" src=\"https:\/\/www.buroperiodistico.com.mx\/wp-content\/uploads\/2025\/11\/CONSEJO-PC.jpg\" alt=\"\" width=\"539\" height=\"317\" srcset=\"https:\/\/www.buroperiodistico.com.mx\/wp-content\/uploads\/2025\/11\/CONSEJO-PC.jpg 1024w, https:\/\/www.buroperiodistico.com.mx\/wp-content\/uploads\/2025\/11\/CONSEJO-PC-300x176.jpg 300w, https:\/\/www.buroperiodistico.com.mx\/wp-content\/uploads\/2025\/11\/CONSEJO-PC-768x452.jpg 768w\" sizes=\"auto, (max-width: 539px) 100vw, 539px\" \/>Nuevo Laredo, Tam (13-Noviembre-2025).-<\/strong><\/em> Para fortalecer las acciones preventivas y coordinar esfuerzos ante la pr\u00f3xima Temporada Invernal 2025, autoridades, representantes de la sociedad civil y sectores productivos participaron en la Segunda Sesi\u00f3n Ordinaria del Consejo Municipal de Protecci\u00f3n Civil, encabezada por Humberto Fern\u00e1ndez Diez de Pinos, director de Protecci\u00f3n Civil y Bomberos de Nuevo Laredo.<\/p>\n<p dir=\"ltr\">Durante la reuni\u00f3n, los asistentes establecieron estrategias conjuntas para actuar de manera oportuna ante las inclemencias del clima, protegiendo principalmente a los grupos m\u00e1s vulnerables de la ciudad.<\/p>\n<p dir=\"ltr\">Fern\u00e1ndez Diez de Pinos inform\u00f3 que para esta temporada se pronostican 48 frentes fr\u00edos y 7 ondas g\u00e9lidas; actualmente el pa\u00eds se encuentra en el frente fr\u00edo n\u00famero 13.<\/p>\n<p dir=\"ltr\">El pr\u00f3ximo fen\u00f3meno se espera para el 6 de diciembre, mientras que se prev\u00e9n 6 frentes fr\u00edos en enero, 5 en febrero, 6 en marzo, 5 en abril y 3 en mayo.<\/p>\n<p dir=\"ltr\">\u201cTrabajar en conjunto con los distintos sectores nos permite establecer las estrategias adecuadas para aminorar cualquier da\u00f1o o desastre que se pueda presentar, y atender de manera eficiente y profesional a los damnificados de nuestra comunidad\u201d, expres\u00f3 el director de Protecci\u00f3n Civil.<\/p>\n<p dir=\"ltr\">El funcionario destac\u00f3 que este tipo de reuniones permiten fortalecer los lazos de ayuda mutua entre dependencias, empresas y organizaciones sociales, lo que se traduce en una mayor capacidad de respuesta ante fen\u00f3menos naturales o emergencias provocadas por el hombre.<\/p>\n<p dir=\"ltr\">El objetivo central del Consejo es proteger la vida, el patrimonio y el entorno ecol\u00f3gico de las y los habitantes de Nuevo Laredo, garantizando una temporada invernal m\u00e1s segura para todos.<\/p>\n<p dir=\"ltr\"><img loading=\"lazy\" decoding=\"async\" class=\"aligncenter size-full wp-image-187686\" src=\"https:\/\/www.buroperiodistico.com.mx\/wp-content\/uploads\/2025\/11\/CONSEJO-PC-I.jpg\" alt=\"\" width=\"640\" height=\"428\" srcset=\"https:\/\/www.buroperiodistico.com.mx\/wp-content\/uploads\/2025\/11\/CONSEJO-PC-I.jpg 640w, https:\/\/www.buroperiodistico.com.mx\/wp-content\/uploads\/2025\/11\/CONSEJO-PC-I-300x201.jpg 300w\" sizes=\"auto, (max-width: 640px) 100vw, 640px\" \/> <img loading=\"lazy\" decoding=\"async\" class=\"aligncenter size-full wp-image-187687\" src=\"https:\/\/www.buroperiodistico.com.mx\/wp-content\/uploads\/2025\/11\/CONSEJO-PC-II.jpg\" alt=\"\" width=\"640\" height=\"428\" srcset=\"https:\/\/www.buroperiodistico.com.mx\/wp-content\/uploads\/2025\/11\/CONSEJO-PC-II.jpg 640w, https:\/\/www.buroperiodistico.com.mx\/wp-content\/uploads\/2025\/11\/CONSEJO-PC-II-300x201.jpg 300w\" sizes=\"auto, (max-width: 640px) 100vw, 640px\" \/><\/p>\n","protected":false},"excerpt":{"rendered":"<p>Nuevo Laredo, Tam (13-Noviembre-2025).- Para fortalecer las acciones preventivas y coordinar esfuerzos ante la pr\u00f3xima&#8230;<\/p>\n","protected":false},"author":1,"featured_media":187688,"comment_status":"closed","ping_status":"closed","sticky":false,"template":"","format":"standard","meta":{"footnotes":"","jetpack_publicize_message":"","jetpack_publicize_feature_enabled":true,"jetpack_social_post_already_shared":true,"jetpack_social_options":{"image_generator_settings":{"template":"highway","default_image_id":0,"font":"","enabled":false},"version":2}},"categories":[16],"tags":[],"class_list":["post-187685","post","type-post","status-publish","format-standard","has-post-thumbnail","hentry","category-nuevolaredo"],"jetpack_publicize_connections":[],"_links":{"self":[{"href":"https:\/\/www.buroperiodistico.com.mx\/index.php?rest_route=\/wp\/v2\/posts\/187685","targetHints":{"allow":["GET"]}}],"collection":[{"href":"https:\/\/www.buroperiodistico.com.mx\/index.php?rest_route=\/wp\/v2\/posts"}],"about":[{"href":"https:\/\/www.buroperiodistico.com.mx\/index.php?rest_route=\/wp\/v2\/types\/post"}],"author":[{"embeddable":true,"href":"https:\/\/www.buroperiodistico.com.mx\/index.php?rest_route=\/wp\/v2\/users\/1"}],"replies":[{"embeddable":true,"href":"https:\/\/www.buroperiodistico.com.mx\/index.php?rest_route=%2Fwp%2Fv2%2Fcomments&post=187685"}],"version-history":[{"count":0,"href":"https:\/\/www.buroperiodistico.com.mx\/index.php?rest_route=\/wp\/v2\/posts\/187685\/revisions"}],"wp:featuredmedia":[{"embeddable":true,"href":"https:\/\/www.buroperiodistico.com.mx\/index.php?rest_route=\/wp\/v2\/media\/187688"}],"wp:attachment":[{"href":"https:\/\/www.buroperiodistico.com.mx\/index.php?rest_route=%2Fwp%2Fv2%2Fmedia&parent=187685"}],"wp:term":[{"taxonomy":"category","embeddable":true,"href":"https:\/\/www.buroperiodistico.com.mx\/index.php?rest_route=%2Fwp%2Fv2%2Fcategories&post=187685"},{"taxonomy":"post_tag","embeddable":true,"href":"https:\/\/www.buroperiodistico.com.mx\/index.php?rest_route=%2Fwp%2Fv2%2Ftags&post=187685"}],"curies":[{"name":"wp","href":"https:\/\/api.w.org\/{rel}","templated":true}]}}