{"id":187680,"date":"2025-11-13T18:14:46","date_gmt":"2025-11-14T00:14:46","guid":{"rendered":"https:\/\/www.buroperiodistico.com.mx\/?p=187680"},"modified":"2025-11-13T18:14:46","modified_gmt":"2025-11-14T00:14:46","slug":"presidencia-cerquita-de-ti-llega-a-la-colonia-los-olivos","status":"publish","type":"post","link":"https:\/\/www.buroperiodistico.com.mx\/?p=187680","title":{"rendered":"PRESIDENCIA CERQUITA DE TI LLEGA A LA COLONIA LOS OLIVOS"},"content":{"rendered":"<p dir=\"ltr\"><em><strong><img loading=\"lazy\" decoding=\"async\" class=\" wp-image-187683 alignright\" src=\"https:\/\/www.buroperiodistico.com.mx\/wp-content\/uploads\/2025\/11\/PCT-3.jpg\" alt=\"\" width=\"561\" height=\"350\" srcset=\"https:\/\/www.buroperiodistico.com.mx\/wp-content\/uploads\/2025\/11\/PCT-3.jpg 1024w, https:\/\/www.buroperiodistico.com.mx\/wp-content\/uploads\/2025\/11\/PCT-3-300x187.jpg 300w, https:\/\/www.buroperiodistico.com.mx\/wp-content\/uploads\/2025\/11\/PCT-3-768x479.jpg 768w\" sizes=\"auto, (max-width: 561px) 100vw, 561px\" \/>Nuevo Laredo, Tam (13-Noviembre-2025).-<\/strong><\/em> Con gran participaci\u00f3n de vecinas y vecinos, el programa \u201cPresidencia Cerquita de Ti\u201d se llev\u00f3 a cabo en la colonia Los Olivos, donde funcionarios del Gobierno Municipal atendieron personalmente a las familias que acudieron a recibir diversos apoyos y servicios municipales.<\/p>\n<p dir=\"ltr\">Durante la jornada, las y los ciudadanos aprovecharon los servicios gratuitos de salud, asesor\u00eda jur\u00eddica, atenci\u00f3n psicol\u00f3gica, apoyos alimentarios y orientaci\u00f3n social, adem\u00e1s de disfrutar de actividades recreativas y culturales organizadas por las distintas dependencias municipales.<\/p>\n<p dir=\"ltr\">La secretaria de Bienestar Social, Liliana Arjona Barocio, quien acudi\u00f3 en representaci\u00f3n de la alcaldesa Carmen Lilia Canturosas, destac\u00f3 la importancia de mantener una atenci\u00f3n directa y cercana con las familias, para conocer de primera mano sus necesidades y brindar soluciones efectivas.<\/p>\n<p dir=\"ltr\">Las acciones del programa continuar\u00e1n en distintos sectores de la ciudad, con el objetivo de que m\u00e1s personas tengan acceso a los servicios del gobierno municipal y del Sistema DIF sin necesidad de trasladarse grandes distancias.<\/p>\n<p dir=\"ltr\"><img loading=\"lazy\" decoding=\"async\" class=\"aligncenter size-full wp-image-187681\" src=\"https:\/\/www.buroperiodistico.com.mx\/wp-content\/uploads\/2025\/11\/PCT-I-3.jpg\" alt=\"\" width=\"640\" height=\"428\" srcset=\"https:\/\/www.buroperiodistico.com.mx\/wp-content\/uploads\/2025\/11\/PCT-I-3.jpg 640w, https:\/\/www.buroperiodistico.com.mx\/wp-content\/uploads\/2025\/11\/PCT-I-3-300x201.jpg 300w\" sizes=\"auto, (max-width: 640px) 100vw, 640px\" \/> <img loading=\"lazy\" decoding=\"async\" class=\"aligncenter size-full wp-image-187682\" src=\"https:\/\/www.buroperiodistico.com.mx\/wp-content\/uploads\/2025\/11\/PCT-II-2.jpg\" alt=\"\" width=\"640\" height=\"428\" srcset=\"https:\/\/www.buroperiodistico.com.mx\/wp-content\/uploads\/2025\/11\/PCT-II-2.jpg 640w, https:\/\/www.buroperiodistico.com.mx\/wp-content\/uploads\/2025\/11\/PCT-II-2-300x201.jpg 300w\" sizes=\"auto, (max-width: 640px) 100vw, 640px\" \/><\/p>\n","protected":false},"excerpt":{"rendered":"<p>Nuevo Laredo, Tam (13-Noviembre-2025).- Con gran participaci\u00f3n de vecinas y vecinos, el programa \u201cPresidencia Cerquita&#8230;<\/p>\n","protected":false},"author":1,"featured_media":187683,"comment_status":"closed","ping_status":"closed","sticky":false,"template":"","format":"standard","meta":{"footnotes":"","jetpack_publicize_message":"","jetpack_publicize_feature_enabled":true,"jetpack_social_post_already_shared":true,"jetpack_social_options":{"image_generator_settings":{"template":"highway","default_image_id":0,"font":"","enabled":false},"version":2}},"categories":[16],"tags":[],"class_list":["post-187680","post","type-post","status-publish","format-standard","has-post-thumbnail","hentry","category-nuevolaredo"],"jetpack_publicize_connections":[],"_links":{"self":[{"href":"https:\/\/www.buroperiodistico.com.mx\/index.php?rest_route=\/wp\/v2\/posts\/187680","targetHints":{"allow":["GET"]}}],"collection":[{"href":"https:\/\/www.buroperiodistico.com.mx\/index.php?rest_route=\/wp\/v2\/posts"}],"about":[{"href":"https:\/\/www.buroperiodistico.com.mx\/index.php?rest_route=\/wp\/v2\/types\/post"}],"author":[{"embeddable":true,"href":"https:\/\/www.buroperiodistico.com.mx\/index.php?rest_route=\/wp\/v2\/users\/1"}],"replies":[{"embeddable":true,"href":"https:\/\/www.buroperiodistico.com.mx\/index.php?rest_route=%2Fwp%2Fv2%2Fcomments&post=187680"}],"version-history":[{"count":0,"href":"https:\/\/www.buroperiodistico.com.mx\/index.php?rest_route=\/wp\/v2\/posts\/187680\/revisions"}],"wp:featuredmedia":[{"embeddable":true,"href":"https:\/\/www.buroperiodistico.com.mx\/index.php?rest_route=\/wp\/v2\/media\/187683"}],"wp:attachment":[{"href":"https:\/\/www.buroperiodistico.com.mx\/index.php?rest_route=%2Fwp%2Fv2%2Fmedia&parent=187680"}],"wp:term":[{"taxonomy":"category","embeddable":true,"href":"https:\/\/www.buroperiodistico.com.mx\/index.php?rest_route=%2Fwp%2Fv2%2Fcategories&post=187680"},{"taxonomy":"post_tag","embeddable":true,"href":"https:\/\/www.buroperiodistico.com.mx\/index.php?rest_route=%2Fwp%2Fv2%2Ftags&post=187680"}],"curies":[{"name":"wp","href":"https:\/\/api.w.org\/{rel}","templated":true}]}}