{"id":187675,"date":"2025-11-13T18:11:44","date_gmt":"2025-11-14T00:11:44","guid":{"rendered":"https:\/\/www.buroperiodistico.com.mx\/?p=187675"},"modified":"2025-11-13T18:11:44","modified_gmt":"2025-11-14T00:11:44","slug":"dif-nuevo-laredo-promueve-la-salud-con-jornada-gratuita-por-el-dia-mundial-de-la-diabetes","status":"publish","type":"post","link":"https:\/\/www.buroperiodistico.com.mx\/?p=187675","title":{"rendered":"DIF NUEVO LAREDO PROMUEVE LA SALUD CON JORNADA GRATUITA POR EL D\u00cdA MUNDIAL DE LA DIABETES"},"content":{"rendered":"<p dir=\"ltr\"><em><strong><img loading=\"lazy\" decoding=\"async\" class=\" wp-image-187678 alignright\" src=\"https:\/\/www.buroperiodistico.com.mx\/wp-content\/uploads\/2025\/11\/DIF-CAMPANA-DIABETES.jpg\" alt=\"\" width=\"548\" height=\"349\" srcset=\"https:\/\/www.buroperiodistico.com.mx\/wp-content\/uploads\/2025\/11\/DIF-CAMPANA-DIABETES.jpg 1024w, https:\/\/www.buroperiodistico.com.mx\/wp-content\/uploads\/2025\/11\/DIF-CAMPANA-DIABETES-300x191.jpg 300w, https:\/\/www.buroperiodistico.com.mx\/wp-content\/uploads\/2025\/11\/DIF-CAMPANA-DIABETES-768x489.jpg 768w\" sizes=\"auto, (max-width: 548px) 100vw, 548px\" \/>Nuevo Laredo, Tam (13-Noviembre-2025).-<\/strong><\/em> En el marco del D\u00eda Mundial de la Diabetes, el Sistema para el Desarrollo Integral de la Familia (DIF) Nuevo Laredo invita a la ciudadan\u00eda a participar en la jornada de detecci\u00f3n gratuita, que se llevar\u00e1 a cabo el viernes 14 de noviembre, en un horario de 9:00 de la ma\u00f1ana a 2:00 de la tarde.<\/p>\n<p dir=\"ltr\">Durante este evento se ofrecer\u00e1n de manera gratuita los servicios de toma de glucosa, presi\u00f3n arterial, peso y talla, as\u00ed como orientaci\u00f3n nutricional, con el prop\u00f3sito de fomentar la prevenci\u00f3n y el cuidado de la salud entre las familias neolaredenses.<\/p>\n<p dir=\"ltr\">El Director General del Sistema DIF Nuevo Laredo, Viviano V\u00e1zquez Mac\u00edas, extendi\u00f3 la invitaci\u00f3n a toda la comunidad para aprovechar esta oportunidad de atenci\u00f3n y orientaci\u00f3n:<\/p>\n<p dir=\"ltr\">\u201cInvitamos a todas las personas a acercarse al DIF y participar.Cuidar nuestra salud debe ser una prioridad, y a trav\u00e9s de estas acciones buscamos crear conciencia sobre la importancia de la detecci\u00f3n oportuna y los buenos h\u00e1bitos alimenticios. En el DIF Nuevo Laredo trabajamos todos los d\u00edas con el coraz\u00f3n, por el bienestar de nuestras familias.\u201d<\/p>\n<p dir=\"ltr\">A trav\u00e9s de estas actividades, el DIF Nuevo Laredo impulsa la cultura del autocuidado y la detecci\u00f3n oportuna, reafirmando su compromiso permanente con la atenci\u00f3n integral y el bienestar de la comunidad.<\/p>\n<p dir=\"ltr\"><img loading=\"lazy\" decoding=\"async\" class=\"aligncenter size-full wp-image-187676\" src=\"https:\/\/www.buroperiodistico.com.mx\/wp-content\/uploads\/2025\/11\/DIF-CAMPANA-DIABETES-I.jpg\" alt=\"\" width=\"640\" height=\"480\" srcset=\"https:\/\/www.buroperiodistico.com.mx\/wp-content\/uploads\/2025\/11\/DIF-CAMPANA-DIABETES-I.jpg 640w, https:\/\/www.buroperiodistico.com.mx\/wp-content\/uploads\/2025\/11\/DIF-CAMPANA-DIABETES-I-300x225.jpg 300w\" sizes=\"auto, (max-width: 640px) 100vw, 640px\" \/> <img loading=\"lazy\" decoding=\"async\" class=\"aligncenter size-full wp-image-187677\" src=\"https:\/\/www.buroperiodistico.com.mx\/wp-content\/uploads\/2025\/11\/DIF-CAMPANA-DIABETES-II.jpg\" alt=\"\" width=\"640\" height=\"427\" srcset=\"https:\/\/www.buroperiodistico.com.mx\/wp-content\/uploads\/2025\/11\/DIF-CAMPANA-DIABETES-II.jpg 640w, https:\/\/www.buroperiodistico.com.mx\/wp-content\/uploads\/2025\/11\/DIF-CAMPANA-DIABETES-II-300x200.jpg 300w\" sizes=\"auto, (max-width: 640px) 100vw, 640px\" \/><\/p>\n","protected":false},"excerpt":{"rendered":"<p>Nuevo Laredo, Tam (13-Noviembre-2025).- En el marco del D\u00eda Mundial de la Diabetes, el Sistema&#8230;<\/p>\n","protected":false},"author":1,"featured_media":187678,"comment_status":"closed","ping_status":"closed","sticky":false,"template":"","format":"standard","meta":{"footnotes":"","jetpack_publicize_message":"","jetpack_publicize_feature_enabled":true,"jetpack_social_post_already_shared":true,"jetpack_social_options":{"image_generator_settings":{"template":"highway","default_image_id":0,"font":"","enabled":false},"version":2}},"categories":[16],"tags":[],"class_list":["post-187675","post","type-post","status-publish","format-standard","has-post-thumbnail","hentry","category-nuevolaredo"],"jetpack_publicize_connections":[],"_links":{"self":[{"href":"https:\/\/www.buroperiodistico.com.mx\/index.php?rest_route=\/wp\/v2\/posts\/187675","targetHints":{"allow":["GET"]}}],"collection":[{"href":"https:\/\/www.buroperiodistico.com.mx\/index.php?rest_route=\/wp\/v2\/posts"}],"about":[{"href":"https:\/\/www.buroperiodistico.com.mx\/index.php?rest_route=\/wp\/v2\/types\/post"}],"author":[{"embeddable":true,"href":"https:\/\/www.buroperiodistico.com.mx\/index.php?rest_route=\/wp\/v2\/users\/1"}],"replies":[{"embeddable":true,"href":"https:\/\/www.buroperiodistico.com.mx\/index.php?rest_route=%2Fwp%2Fv2%2Fcomments&post=187675"}],"version-history":[{"count":0,"href":"https:\/\/www.buroperiodistico.com.mx\/index.php?rest_route=\/wp\/v2\/posts\/187675\/revisions"}],"wp:featuredmedia":[{"embeddable":true,"href":"https:\/\/www.buroperiodistico.com.mx\/index.php?rest_route=\/wp\/v2\/media\/187678"}],"wp:attachment":[{"href":"https:\/\/www.buroperiodistico.com.mx\/index.php?rest_route=%2Fwp%2Fv2%2Fmedia&parent=187675"}],"wp:term":[{"taxonomy":"category","embeddable":true,"href":"https:\/\/www.buroperiodistico.com.mx\/index.php?rest_route=%2Fwp%2Fv2%2Fcategories&post=187675"},{"taxonomy":"post_tag","embeddable":true,"href":"https:\/\/www.buroperiodistico.com.mx\/index.php?rest_route=%2Fwp%2Fv2%2Ftags&post=187675"}],"curies":[{"name":"wp","href":"https:\/\/api.w.org\/{rel}","templated":true}]}}