{"id":187650,"date":"2025-11-13T16:15:19","date_gmt":"2025-11-13T22:15:19","guid":{"rendered":"https:\/\/www.buroperiodistico.com.mx\/?p=187650"},"modified":"2025-11-13T16:15:19","modified_gmt":"2025-11-13T22:15:19","slug":"consolida-ut-altamira-alianza-estrategica-con-el-politecnico","status":"publish","type":"post","link":"https:\/\/www.buroperiodistico.com.mx\/?p=187650","title":{"rendered":"Consolida UT Altamira alianza estrat\u00e9gica con el Polit\u00e9cnico"},"content":{"rendered":"<p><em><strong><img loading=\"lazy\" decoding=\"async\" class=\" wp-image-187653 alignright\" src=\"https:\/\/www.buroperiodistico.com.mx\/wp-content\/uploads\/2025\/11\/UTAPolitecnico.jpeg\" alt=\"\" width=\"522\" height=\"305\" srcset=\"https:\/\/www.buroperiodistico.com.mx\/wp-content\/uploads\/2025\/11\/UTAPolitecnico.jpeg 1024w, https:\/\/www.buroperiodistico.com.mx\/wp-content\/uploads\/2025\/11\/UTAPolitecnico-300x175.jpeg 300w, https:\/\/www.buroperiodistico.com.mx\/wp-content\/uploads\/2025\/11\/UTAPolitecnico-768x449.jpeg 768w\" sizes=\"auto, (max-width: 522px) 100vw, 522px\" \/>Altamira, Tamaulipas (13-Noviembre-2025).-<\/strong><\/em> Con el objetivo de fortalecer la cooperaci\u00f3n interinstitucional y promover el desarrollo cient\u00edfico, tecnol\u00f3gico y formativo, la Universidad Tecnol\u00f3gica de Altamira (UTALT) firm\u00f3 un convenio general de colaboraci\u00f3n con el Instituto Polit\u00e9cnico Nacional (IPN).<\/p>\n<p>Mara Grassiel Acosta Gonz\u00e1lez, rectora de la universidad, resalt\u00f3 que este importante acuerdo de cooperaci\u00f3n establece las bases para el aprovechamiento conjunto de recursos humanos, materiales y de infraestructura, orientados a impulsar proyectos acad\u00e9micos, de investigaci\u00f3n y de innovaci\u00f3n con impacto social y educativo.<\/p>\n<p>Durante el acto protocolario estuvieron presentes, por parte del IPN, Arturo Reyes Sandoval, director general del instituto; Yessica Gasca Castillo, secretaria de Innovaci\u00f3n e Integraci\u00f3n Social; y Marx Yazalde Ortiz Correa, abogado general.<\/p>\n<p>Adem\u00e1s de la rectora, por parte de la UTALT estuvieron presentes Juan Carlos Sald\u00edvar Santana, director de Vinculaci\u00f3n; y Alan Jonathan Ar\u00e9valo Rodr\u00edguez, abogado general. Asimismo, se cont\u00f3 con la participaci\u00f3n de Rogelio Ortega Izaguirre, director del Centro de Investigaci\u00f3n en Ciencia Aplicada y Tecnolog\u00eda Avanzada (CICATA), quien presidi\u00f3 la entrega formal del convenio firmado por las autoridades.<\/p>\n<p>La rectora de la universidad refrend\u00f3 el compromiso de la UTALT, con la excelencia acad\u00e9mica y la generaci\u00f3n de conocimiento al servicio del desarrollo nacional, en congruencia con la visi\u00f3n humanista del gobernador Am\u00e9rico Villarreal Anaya, quien impulsa pol\u00edticas p\u00fablicas que fortalecen la educaci\u00f3n superior en Tamaulipas, y con el apoyo del secretario de Educaci\u00f3n, Miguel \u00c1ngel Valdez Garc\u00eda, promotor de la innovaci\u00f3n, la vinculaci\u00f3n y la formaci\u00f3n de talento especializado.<\/p>\n<p>Acosta Gonz\u00e1lez puntualiz\u00f3 que la Universidad Tecnol\u00f3gica de Altamira reconoce la disposici\u00f3n del Instituto Polit\u00e9cnico Nacional para establecer este v\u00ednculo de cooperaci\u00f3n, que contribuye al fortalecimiento del sistema educativo, la investigaci\u00f3n cient\u00edfica y el progreso tecnol\u00f3gico de Tamaulipas y de M\u00e9xico.<\/p>\n<p><img loading=\"lazy\" decoding=\"async\" class=\"aligncenter size-full wp-image-187651\" src=\"https:\/\/www.buroperiodistico.com.mx\/wp-content\/uploads\/2025\/11\/UTAPolitecnico-I.jpeg\" alt=\"\" width=\"640\" height=\"378\" srcset=\"https:\/\/www.buroperiodistico.com.mx\/wp-content\/uploads\/2025\/11\/UTAPolitecnico-I.jpeg 640w, https:\/\/www.buroperiodistico.com.mx\/wp-content\/uploads\/2025\/11\/UTAPolitecnico-I-300x177.jpeg 300w\" sizes=\"auto, (max-width: 640px) 100vw, 640px\" \/> <img loading=\"lazy\" decoding=\"async\" class=\"aligncenter size-full wp-image-187652\" src=\"https:\/\/www.buroperiodistico.com.mx\/wp-content\/uploads\/2025\/11\/UTAPolitecnico-II.jpeg\" alt=\"\" width=\"640\" height=\"413\" srcset=\"https:\/\/www.buroperiodistico.com.mx\/wp-content\/uploads\/2025\/11\/UTAPolitecnico-II.jpeg 640w, https:\/\/www.buroperiodistico.com.mx\/wp-content\/uploads\/2025\/11\/UTAPolitecnico-II-300x194.jpeg 300w\" sizes=\"auto, (max-width: 640px) 100vw, 640px\" \/><\/p>\n","protected":false},"excerpt":{"rendered":"<p>Altamira, Tamaulipas (13-Noviembre-2025).- Con el objetivo de fortalecer la cooperaci\u00f3n interinstitucional y promover el desarrollo&#8230;<\/p>\n","protected":false},"author":1,"featured_media":187653,"comment_status":"closed","ping_status":"closed","sticky":false,"template":"","format":"standard","meta":{"footnotes":"","jetpack_publicize_message":"","jetpack_publicize_feature_enabled":true,"jetpack_social_post_already_shared":true,"jetpack_social_options":{"image_generator_settings":{"template":"highway","default_image_id":0,"font":"","enabled":false},"version":2}},"categories":[10],"tags":[],"class_list":["post-187650","post","type-post","status-publish","format-standard","has-post-thumbnail","hentry","category-tamaulipas"],"jetpack_publicize_connections":[],"_links":{"self":[{"href":"https:\/\/www.buroperiodistico.com.mx\/index.php?rest_route=\/wp\/v2\/posts\/187650","targetHints":{"allow":["GET"]}}],"collection":[{"href":"https:\/\/www.buroperiodistico.com.mx\/index.php?rest_route=\/wp\/v2\/posts"}],"about":[{"href":"https:\/\/www.buroperiodistico.com.mx\/index.php?rest_route=\/wp\/v2\/types\/post"}],"author":[{"embeddable":true,"href":"https:\/\/www.buroperiodistico.com.mx\/index.php?rest_route=\/wp\/v2\/users\/1"}],"replies":[{"embeddable":true,"href":"https:\/\/www.buroperiodistico.com.mx\/index.php?rest_route=%2Fwp%2Fv2%2Fcomments&post=187650"}],"version-history":[{"count":0,"href":"https:\/\/www.buroperiodistico.com.mx\/index.php?rest_route=\/wp\/v2\/posts\/187650\/revisions"}],"wp:featuredmedia":[{"embeddable":true,"href":"https:\/\/www.buroperiodistico.com.mx\/index.php?rest_route=\/wp\/v2\/media\/187653"}],"wp:attachment":[{"href":"https:\/\/www.buroperiodistico.com.mx\/index.php?rest_route=%2Fwp%2Fv2%2Fmedia&parent=187650"}],"wp:term":[{"taxonomy":"category","embeddable":true,"href":"https:\/\/www.buroperiodistico.com.mx\/index.php?rest_route=%2Fwp%2Fv2%2Fcategories&post=187650"},{"taxonomy":"post_tag","embeddable":true,"href":"https:\/\/www.buroperiodistico.com.mx\/index.php?rest_route=%2Fwp%2Fv2%2Ftags&post=187650"}],"curies":[{"name":"wp","href":"https:\/\/api.w.org\/{rel}","templated":true}]}}