{"id":187647,"date":"2025-11-13T16:05:08","date_gmt":"2025-11-13T22:05:08","guid":{"rendered":"https:\/\/www.buroperiodistico.com.mx\/?p=187647"},"modified":"2025-11-13T16:05:08","modified_gmt":"2025-11-13T22:05:08","slug":"bachillerato-virtual-uat-atendera-a-mas-de-mil-estudiantes","status":"publish","type":"post","link":"https:\/\/www.buroperiodistico.com.mx\/?p=187647","title":{"rendered":"Bachillerato Virtual UAT atender\u00e1 a m\u00e1s de mil estudiantes"},"content":{"rendered":"<p><em><strong><img loading=\"lazy\" decoding=\"async\" class=\" wp-image-187648 alignright\" src=\"https:\/\/www.buroperiodistico.com.mx\/wp-content\/uploads\/2025\/11\/UATx-7.jpg\" alt=\"\" width=\"569\" height=\"377\" srcset=\"https:\/\/www.buroperiodistico.com.mx\/wp-content\/uploads\/2025\/11\/UATx-7.jpg 1024w, https:\/\/www.buroperiodistico.com.mx\/wp-content\/uploads\/2025\/11\/UATx-7-300x199.jpg 300w, https:\/\/www.buroperiodistico.com.mx\/wp-content\/uploads\/2025\/11\/UATx-7-768x509.jpg 768w\" sizes=\"auto, (max-width: 569px) 100vw, 569px\" \/>Ciudad Victoria, Tam (13-Noviembre-2025).-<\/strong><\/em> La Universidad Aut\u00f3noma de Tamaulipas atender\u00e1 a m\u00e1s de mil estudiantes a trav\u00e9s del Programa de Bachillerato Virtual UAT, lo que ampliar\u00e1 la cobertura en el nivel medio superior y ofrecer\u00e1 una nueva alternativa a quienes no hayan realizado sus estudios de preparatoria.<\/p>\n<p>En entrevista, el rector D\u00e1maso Anaya Alvarado dijo que la nueva modalidad de bachillerato de la UAT inicia a partir de enero de 2026, y ha tenido muy buena aceptaci\u00f3n al captar un registro de mil cien estudiantes de alrededor de quince estados de la rep\u00fablica y de diecisiete municipios de Tamaulipas.<\/p>\n<p>Se\u00f1al\u00f3 que este sistema de educaci\u00f3n media superior, en la modalidad virtual, est\u00e1 dirigido a personas mayores de 18 a\u00f1os, sobre todo para quienes por alguna raz\u00f3n no cursaron este nivel.<\/p>\n<p>Refiri\u00f3 que esta modalidad acad\u00e9mica tambi\u00e9n est\u00e1 pensada para j\u00f3venes que viven en zonas de dif\u00edcil acceso de cualquier parte del pa\u00eds.<\/p>\n<p>Coment\u00f3 que en los municipios de Tula, Gonz\u00e1lez, San Fernando y Jim\u00e9nez se abrir\u00e1n las Unidades Regionales de Transferencia del Conocimiento de la UAT para atender a los alumnos que no cuenten con el equipo necesario para tomar sus clases.<\/p>\n<p>A\u00f1adi\u00f3 que, al finalizar el programa educativo, los estudiantes tendr\u00e1n su certificado de preparatoria con validez oficial y podr\u00e1n cursar alguna carrera en la UAT, ya sea en l\u00ednea o presencial.<\/p>\n<p>Subray\u00f3 que, con estos esfuerzos, la intenci\u00f3n es ampliar la cobertura y responder a las pol\u00edticas estatales y federales que marcan la igualdad de oportunidades a todos los j\u00f3venes mexicanos.<\/p>\n<p>Finalmente, puntualiz\u00f3 que para la Universidad es muy importante seguir trabajando en el modelo educativo virtual, por ello, entre las nuevas licenciaturas que se han abierto, a partir de enero 2026 se iniciar\u00e1 la Licenciatura en Educaci\u00f3n y Tecnolog\u00edas Emergentes que se impartir\u00e1 totalmente en l\u00ednea.<\/p>\n","protected":false},"excerpt":{"rendered":"<p>Ciudad Victoria, Tam (13-Noviembre-2025).- La Universidad Aut\u00f3noma de Tamaulipas atender\u00e1 a m\u00e1s de mil estudiantes&#8230;<\/p>\n","protected":false},"author":1,"featured_media":187648,"comment_status":"closed","ping_status":"closed","sticky":false,"template":"","format":"standard","meta":{"footnotes":"","jetpack_publicize_message":"","jetpack_publicize_feature_enabled":true,"jetpack_social_post_already_shared":true,"jetpack_social_options":{"image_generator_settings":{"template":"highway","default_image_id":0,"font":"","enabled":false},"version":2}},"categories":[25,28],"tags":[],"class_list":["post-187647","post","type-post","status-publish","format-standard","has-post-thumbnail","hentry","category-portada","category-uat"],"jetpack_publicize_connections":[],"_links":{"self":[{"href":"https:\/\/www.buroperiodistico.com.mx\/index.php?rest_route=\/wp\/v2\/posts\/187647","targetHints":{"allow":["GET"]}}],"collection":[{"href":"https:\/\/www.buroperiodistico.com.mx\/index.php?rest_route=\/wp\/v2\/posts"}],"about":[{"href":"https:\/\/www.buroperiodistico.com.mx\/index.php?rest_route=\/wp\/v2\/types\/post"}],"author":[{"embeddable":true,"href":"https:\/\/www.buroperiodistico.com.mx\/index.php?rest_route=\/wp\/v2\/users\/1"}],"replies":[{"embeddable":true,"href":"https:\/\/www.buroperiodistico.com.mx\/index.php?rest_route=%2Fwp%2Fv2%2Fcomments&post=187647"}],"version-history":[{"count":0,"href":"https:\/\/www.buroperiodistico.com.mx\/index.php?rest_route=\/wp\/v2\/posts\/187647\/revisions"}],"wp:featuredmedia":[{"embeddable":true,"href":"https:\/\/www.buroperiodistico.com.mx\/index.php?rest_route=\/wp\/v2\/media\/187648"}],"wp:attachment":[{"href":"https:\/\/www.buroperiodistico.com.mx\/index.php?rest_route=%2Fwp%2Fv2%2Fmedia&parent=187647"}],"wp:term":[{"taxonomy":"category","embeddable":true,"href":"https:\/\/www.buroperiodistico.com.mx\/index.php?rest_route=%2Fwp%2Fv2%2Fcategories&post=187647"},{"taxonomy":"post_tag","embeddable":true,"href":"https:\/\/www.buroperiodistico.com.mx\/index.php?rest_route=%2Fwp%2Fv2%2Ftags&post=187647"}],"curies":[{"name":"wp","href":"https:\/\/api.w.org\/{rel}","templated":true}]}}