{"id":187644,"date":"2025-11-13T16:00:27","date_gmt":"2025-11-13T22:00:27","guid":{"rendered":"https:\/\/www.buroperiodistico.com.mx\/?p=187644"},"modified":"2025-11-13T16:00:27","modified_gmt":"2025-11-13T22:00:27","slug":"incrementa-la-uat-participacion-de-estudiantes-en-programas-deportivos","status":"publish","type":"post","link":"https:\/\/www.buroperiodistico.com.mx\/?p=187644","title":{"rendered":"Incrementa la UAT participaci\u00f3n de estudiantes en programas deportivos"},"content":{"rendered":"<p><strong><em><img loading=\"lazy\" decoding=\"async\" class=\" wp-image-187645 alignright\" src=\"https:\/\/www.buroperiodistico.com.mx\/wp-content\/uploads\/2025\/11\/depx.jpg\" alt=\"\" width=\"525\" height=\"337\" srcset=\"https:\/\/www.buroperiodistico.com.mx\/wp-content\/uploads\/2025\/11\/depx.jpg 1024w, https:\/\/www.buroperiodistico.com.mx\/wp-content\/uploads\/2025\/11\/depx-300x192.jpg 300w, https:\/\/www.buroperiodistico.com.mx\/wp-content\/uploads\/2025\/11\/depx-768x493.jpg 768w\" sizes=\"auto, (max-width: 525px) 100vw, 525px\" \/>Ciudad Victoria, Tam (13-Noviembre-2025).<\/em><\/strong>&#8211; La Universidad Aut\u00f3noma de Tamaulipas (UAT) increment\u00f3 este a\u00f1o la participaci\u00f3n de su comunidad estudiantil en actividades deportivas, que actualmente alcanza el 18 % del total de su matr\u00edcula.<\/p>\n<p>El rector de la UAT, D\u00e1maso Anaya Alvarado, destac\u00f3 que este crecimiento representa un avance significativo en la formaci\u00f3n integral de las y los universitarios, al pasar del 12 % al 18 % la participaci\u00f3n en el deporte universitario.<\/p>\n<p>Subray\u00f3 que la UAT ha logrado posicionarse como un referente en la formaci\u00f3n de atletas destacados, y resalt\u00f3 que cada vez m\u00e1s j\u00f3venes universitarios est\u00e1n obteniendo medallas y primeros lugares a nivel nacional en distintas disciplinas.<\/p>\n<p>En este contexto, la Universidad Aut\u00f3noma de Tamaulipas desarrolla con gran entusiasmo los Juegos Deportivos Interfacultades, y en lo que respecta a la Zona Centro,\u00a0 las Abejas de la Unidad Acad\u00e9mica de Trabajo Social y Ciencias para el Desarrollo Humano se consolidan como el equipo m\u00e1s destacado del torneo al obtener siete medallas de oro y cuatro de plata, con triunfos en baloncesto 3&#215;3 femenil, tochito varonil y femenil, voleibol de playa femenil, ajedrez varonil y tenis de mesa en ambas ramas, adem\u00e1s de subcampeonatos en p\u00e1del, baloncesto, voleibol y tenis femenil.<\/p>\n<p>Le siguen en el medallero los Zorros de la Facultad de Comercio y Administraci\u00f3n Victoria, quienes brillaron con cinco de oro y cinco de plata, destacando en voleibol y ajedrez femenil, as\u00ed como en p\u00e1del en ambas ramas y tenis varonil.<\/p>\n<p>Mientras tanto, los Alces de la Facultad de Ciencias de la Educaci\u00f3n y Humanidades reafirmaron su calidad atl\u00e9tica con cinco medallas de oro y tres de plata, dominando el f\u00fatbol asociaci\u00f3n en ambas ramas, en f\u00fatbol bardas varonil, voleibol de playa varonil y tenis femenil.<\/p>\n<p>A su vez, los Dragones de la UAM Mante mantuvieron su fortaleza en deportes de conjunto, al obtener cuatro campeonatos en baloncesto 3&#215;3 varonil, f\u00fatbol bardas femenil, softbol femenil y voleibol varonil, adem\u00e1s de sumar cinco medallas de plata en disciplinas como baloncesto, f\u00fatbol asociaci\u00f3n y ajedrez.<\/p>\n<p>Los B\u00fahos de la Facultad de Derecho y Ciencias Sociales Victoria lograron el doblete en baloncesto al coronarse campeones tanto en la rama femenil como en la varonil, y obtuvieron seis medallas de plata en disciplinas como baloncesto 3&#215;3, b\u00e9isbol, voleibol, tenis y voleibol de playa.<\/p>\n<p>Finalmente, las Delfines de la Facultad de Enfermer\u00eda Victoria tuvieron presencia en el podio al obtener medalla de plata en la disciplina de tochito femenil. A la espera de los resultados de los E-Games, esta edici\u00f3n se distingue por el entusiasmo estudiantil, la sana competencia y el compromiso de cada facultad con el fortalecimiento del deporte universitario.<\/p>\n","protected":false},"excerpt":{"rendered":"<p>Ciudad Victoria, Tam (13-Noviembre-2025).&#8211; La Universidad Aut\u00f3noma de Tamaulipas (UAT) increment\u00f3 este a\u00f1o la participaci\u00f3n&#8230;<\/p>\n","protected":false},"author":1,"featured_media":187645,"comment_status":"closed","ping_status":"closed","sticky":false,"template":"","format":"standard","meta":{"footnotes":"","jetpack_publicize_message":"","jetpack_publicize_feature_enabled":true,"jetpack_social_post_already_shared":true,"jetpack_social_options":{"image_generator_settings":{"template":"highway","default_image_id":0,"font":"","enabled":false},"version":2}},"categories":[12,28],"tags":[],"class_list":["post-187644","post","type-post","status-publish","format-standard","has-post-thumbnail","hentry","category-deportes","category-uat"],"jetpack_publicize_connections":[],"_links":{"self":[{"href":"https:\/\/www.buroperiodistico.com.mx\/index.php?rest_route=\/wp\/v2\/posts\/187644","targetHints":{"allow":["GET"]}}],"collection":[{"href":"https:\/\/www.buroperiodistico.com.mx\/index.php?rest_route=\/wp\/v2\/posts"}],"about":[{"href":"https:\/\/www.buroperiodistico.com.mx\/index.php?rest_route=\/wp\/v2\/types\/post"}],"author":[{"embeddable":true,"href":"https:\/\/www.buroperiodistico.com.mx\/index.php?rest_route=\/wp\/v2\/users\/1"}],"replies":[{"embeddable":true,"href":"https:\/\/www.buroperiodistico.com.mx\/index.php?rest_route=%2Fwp%2Fv2%2Fcomments&post=187644"}],"version-history":[{"count":0,"href":"https:\/\/www.buroperiodistico.com.mx\/index.php?rest_route=\/wp\/v2\/posts\/187644\/revisions"}],"wp:featuredmedia":[{"embeddable":true,"href":"https:\/\/www.buroperiodistico.com.mx\/index.php?rest_route=\/wp\/v2\/media\/187645"}],"wp:attachment":[{"href":"https:\/\/www.buroperiodistico.com.mx\/index.php?rest_route=%2Fwp%2Fv2%2Fmedia&parent=187644"}],"wp:term":[{"taxonomy":"category","embeddable":true,"href":"https:\/\/www.buroperiodistico.com.mx\/index.php?rest_route=%2Fwp%2Fv2%2Fcategories&post=187644"},{"taxonomy":"post_tag","embeddable":true,"href":"https:\/\/www.buroperiodistico.com.mx\/index.php?rest_route=%2Fwp%2Fv2%2Ftags&post=187644"}],"curies":[{"name":"wp","href":"https:\/\/api.w.org\/{rel}","templated":true}]}}