{"id":187640,"date":"2025-11-13T15:35:23","date_gmt":"2025-11-13T21:35:23","guid":{"rendered":"https:\/\/www.buroperiodistico.com.mx\/?p=187640"},"modified":"2025-11-13T15:35:23","modified_gmt":"2025-11-13T21:35:23","slug":"buen-fin-de-tamaulipas-empieza-en-reynosa-donde-comienza-la-patria","status":"publish","type":"post","link":"https:\/\/www.buroperiodistico.com.mx\/?p=187640","title":{"rendered":"Buen Fin de Tamaulipas empieza en Reynosa, \u00a1Donde comienza la Patria!"},"content":{"rendered":"<p><em><strong><img loading=\"lazy\" decoding=\"async\" class=\" wp-image-187641 alignright\" src=\"https:\/\/www.buroperiodistico.com.mx\/wp-content\/uploads\/2025\/11\/Guenx.jpg\" alt=\"\" width=\"586\" height=\"317\" srcset=\"https:\/\/www.buroperiodistico.com.mx\/wp-content\/uploads\/2025\/11\/Guenx.jpg 1110w, https:\/\/www.buroperiodistico.com.mx\/wp-content\/uploads\/2025\/11\/Guenx-300x162.jpg 300w, https:\/\/www.buroperiodistico.com.mx\/wp-content\/uploads\/2025\/11\/Guenx-1024x554.jpg 1024w, https:\/\/www.buroperiodistico.com.mx\/wp-content\/uploads\/2025\/11\/Guenx-768x415.jpg 768w\" sizes=\"auto, (max-width: 586px) 100vw, 586px\" \/>Reynosa, Tam (13-Noviembre-2025).-<\/strong><\/em> El Buen Fin ya empez\u00f3; El Fin de Semana M\u00e1s Barato del A\u00f1o en Tienda o por Internet es inaugurado hoy por el Alcalde Carlos Pe\u00f1a Ortiz; las familias de Reynosa aprovechan este programa impulsado desde el Ayuntamiento con la C\u00e1mara Nacional de Comercio, Servicios y Turismo, la Profeco, el Sistema de Administraci\u00f3n Tributaria y la Secretar\u00eda de Econom\u00eda del Gobierno de la Rep\u00fablica.<\/p>\n<p>Disfruta de un Buen Fin con m\u00e1s de 1,500 proveedores, que tiene a Reynosa como su punto de partida; las grandes ofertas y descuentos inician aqu\u00ed, donde comienza la Patria!<\/p>\n<p>#ReynosaImparable<br \/>\n#GobiernoMunicipalDeReynosa<\/p>\n<div style=\"width: 640px;\" class=\"wp-video\"><video class=\"wp-video-shortcode\" id=\"video-187640-1\" width=\"640\" height=\"362\" preload=\"metadata\" controls=\"controls\"><source type=\"video\/mp4\" src=\"https:\/\/www.buroperiodistico.com.mx\/wp-content\/uploads\/2025\/11\/WhatsApp-Video-2025-11-13-at-12.20.51-PM.mp4?_=1\" \/><a href=\"https:\/\/www.buroperiodistico.com.mx\/wp-content\/uploads\/2025\/11\/WhatsApp-Video-2025-11-13-at-12.20.51-PM.mp4\">https:\/\/www.buroperiodistico.com.mx\/wp-content\/uploads\/2025\/11\/WhatsApp-Video-2025-11-13-at-12.20.51-PM.mp4<\/a><\/video><\/div>\n","protected":false},"excerpt":{"rendered":"<p>Reynosa, Tam (13-Noviembre-2025).- El Buen Fin ya empez\u00f3; El Fin de Semana M\u00e1s Barato del&#8230;<\/p>\n","protected":false},"author":1,"featured_media":187641,"comment_status":"closed","ping_status":"closed","sticky":false,"template":"","format":"standard","meta":{"footnotes":"","jetpack_publicize_message":"","jetpack_publicize_feature_enabled":true,"jetpack_social_post_already_shared":true,"jetpack_social_options":{"image_generator_settings":{"template":"highway","default_image_id":0,"font":"","enabled":false},"version":2}},"categories":[25,9],"tags":[],"class_list":["post-187640","post","type-post","status-publish","format-standard","has-post-thumbnail","hentry","category-portada","category-reynosa"],"jetpack_publicize_connections":[],"_links":{"self":[{"href":"https:\/\/www.buroperiodistico.com.mx\/index.php?rest_route=\/wp\/v2\/posts\/187640","targetHints":{"allow":["GET"]}}],"collection":[{"href":"https:\/\/www.buroperiodistico.com.mx\/index.php?rest_route=\/wp\/v2\/posts"}],"about":[{"href":"https:\/\/www.buroperiodistico.com.mx\/index.php?rest_route=\/wp\/v2\/types\/post"}],"author":[{"embeddable":true,"href":"https:\/\/www.buroperiodistico.com.mx\/index.php?rest_route=\/wp\/v2\/users\/1"}],"replies":[{"embeddable":true,"href":"https:\/\/www.buroperiodistico.com.mx\/index.php?rest_route=%2Fwp%2Fv2%2Fcomments&post=187640"}],"version-history":[{"count":0,"href":"https:\/\/www.buroperiodistico.com.mx\/index.php?rest_route=\/wp\/v2\/posts\/187640\/revisions"}],"wp:featuredmedia":[{"embeddable":true,"href":"https:\/\/www.buroperiodistico.com.mx\/index.php?rest_route=\/wp\/v2\/media\/187641"}],"wp:attachment":[{"href":"https:\/\/www.buroperiodistico.com.mx\/index.php?rest_route=%2Fwp%2Fv2%2Fmedia&parent=187640"}],"wp:term":[{"taxonomy":"category","embeddable":true,"href":"https:\/\/www.buroperiodistico.com.mx\/index.php?rest_route=%2Fwp%2Fv2%2Fcategories&post=187640"},{"taxonomy":"post_tag","embeddable":true,"href":"https:\/\/www.buroperiodistico.com.mx\/index.php?rest_route=%2Fwp%2Fv2%2Ftags&post=187640"}],"curies":[{"name":"wp","href":"https:\/\/api.w.org\/{rel}","templated":true}]}}