{"id":187637,"date":"2025-11-13T15:28:27","date_gmt":"2025-11-13T21:28:27","guid":{"rendered":"https:\/\/www.buroperiodistico.com.mx\/?p=187637"},"modified":"2025-11-13T15:28:27","modified_gmt":"2025-11-13T21:28:27","slug":"ofrece-gobierno-de-carlos-pena-ortiz-actividades-culturales-gratuitas-para-toda-la-familia","status":"publish","type":"post","link":"https:\/\/www.buroperiodistico.com.mx\/?p=187637","title":{"rendered":"Ofrece Gobierno de Carlos Pe\u00f1a Ortiz actividades culturales gratuitas para toda la familia"},"content":{"rendered":"<p><em><strong><img loading=\"lazy\" decoding=\"async\" class=\" wp-image-187638 alignright\" src=\"https:\/\/www.buroperiodistico.com.mx\/wp-content\/uploads\/2025\/11\/IRCax-4.jpg\" alt=\"\" width=\"590\" height=\"319\" srcset=\"https:\/\/www.buroperiodistico.com.mx\/wp-content\/uploads\/2025\/11\/IRCax-4.jpg 1110w, https:\/\/www.buroperiodistico.com.mx\/wp-content\/uploads\/2025\/11\/IRCax-4-300x162.jpg 300w, https:\/\/www.buroperiodistico.com.mx\/wp-content\/uploads\/2025\/11\/IRCax-4-1024x554.jpg 1024w, https:\/\/www.buroperiodistico.com.mx\/wp-content\/uploads\/2025\/11\/IRCax-4-768x415.jpg 768w\" sizes=\"auto, (max-width: 590px) 100vw, 590px\" \/>Reynosa, Tam (13-Noviembre-2025).-<\/strong><\/em> Siguiendo las instrucciones del Alcalde Carlos Pe\u00f1a Ortiz, el Instituto Reynosense para la Cultura y las Artes invita a las familias reynosenses a disfrutar de las actividades culturales gratuitas programadas para este domingo 16 de noviembre.<\/p>\n<p>A las 5:00 P. M., en el kiosco de la plaza principal Miguel Hidalgo en la zona Centro, se presentar\u00e1 la Banda Sinf\u00f3nica Municipal \u00abMaestro El\u00edas Valenzuela\u00bb, bajo la direcci\u00f3n del Maestro Enrique Mart\u00ednez Ruiz.<\/p>\n<p>M\u00e1s tarde, a las 6:00 P. M., en la plaza Trevi\u00f1o Zapata de la colonia Longoria, se llevar\u00e1 a cabo una edici\u00f3n m\u00e1s de los Domingos de Danz\u00f3n, con la participaci\u00f3n de los maestros Josu\u00e9 Carlos Rodr\u00edguez Vega y Yerania Ymelda Z\u00fa\u00f1iga Rodr\u00edguez.<\/p>\n<p>#ReynosaImparable #Reynosa #Tamaulipas<\/p>\n","protected":false},"excerpt":{"rendered":"<p>Reynosa, Tam (13-Noviembre-2025).- Siguiendo las instrucciones del Alcalde Carlos Pe\u00f1a Ortiz, el Instituto Reynosense para&#8230;<\/p>\n","protected":false},"author":1,"featured_media":187638,"comment_status":"closed","ping_status":"closed","sticky":false,"template":"","format":"standard","meta":{"footnotes":"","jetpack_publicize_message":"","jetpack_publicize_feature_enabled":true,"jetpack_social_post_already_shared":true,"jetpack_social_options":{"image_generator_settings":{"template":"highway","default_image_id":0,"font":"","enabled":false},"version":2}},"categories":[9],"tags":[],"class_list":["post-187637","post","type-post","status-publish","format-standard","has-post-thumbnail","hentry","category-reynosa"],"jetpack_publicize_connections":[],"_links":{"self":[{"href":"https:\/\/www.buroperiodistico.com.mx\/index.php?rest_route=\/wp\/v2\/posts\/187637","targetHints":{"allow":["GET"]}}],"collection":[{"href":"https:\/\/www.buroperiodistico.com.mx\/index.php?rest_route=\/wp\/v2\/posts"}],"about":[{"href":"https:\/\/www.buroperiodistico.com.mx\/index.php?rest_route=\/wp\/v2\/types\/post"}],"author":[{"embeddable":true,"href":"https:\/\/www.buroperiodistico.com.mx\/index.php?rest_route=\/wp\/v2\/users\/1"}],"replies":[{"embeddable":true,"href":"https:\/\/www.buroperiodistico.com.mx\/index.php?rest_route=%2Fwp%2Fv2%2Fcomments&post=187637"}],"version-history":[{"count":0,"href":"https:\/\/www.buroperiodistico.com.mx\/index.php?rest_route=\/wp\/v2\/posts\/187637\/revisions"}],"wp:featuredmedia":[{"embeddable":true,"href":"https:\/\/www.buroperiodistico.com.mx\/index.php?rest_route=\/wp\/v2\/media\/187638"}],"wp:attachment":[{"href":"https:\/\/www.buroperiodistico.com.mx\/index.php?rest_route=%2Fwp%2Fv2%2Fmedia&parent=187637"}],"wp:term":[{"taxonomy":"category","embeddable":true,"href":"https:\/\/www.buroperiodistico.com.mx\/index.php?rest_route=%2Fwp%2Fv2%2Fcategories&post=187637"},{"taxonomy":"post_tag","embeddable":true,"href":"https:\/\/www.buroperiodistico.com.mx\/index.php?rest_route=%2Fwp%2Fv2%2Ftags&post=187637"}],"curies":[{"name":"wp","href":"https:\/\/api.w.org\/{rel}","templated":true}]}}