{"id":187604,"date":"2025-11-13T14:04:27","date_gmt":"2025-11-13T20:04:27","guid":{"rendered":"https:\/\/www.buroperiodistico.com.mx\/?p=187604"},"modified":"2025-11-13T14:04:27","modified_gmt":"2025-11-13T20:04:27","slug":"verifica-sedener-avances-de-las-subestaciones-electricas-en-tamaulipas","status":"publish","type":"post","link":"https:\/\/www.buroperiodistico.com.mx\/?p=187604","title":{"rendered":"Verifica SEDENER avances de las subestaciones el\u00e9ctricas en Tamaulipas"},"content":{"rendered":"<p><em><strong><img loading=\"lazy\" decoding=\"async\" class=\" wp-image-187606 alignright\" src=\"https:\/\/www.buroperiodistico.com.mx\/wp-content\/uploads\/2025\/11\/SDETamaulipas-2.jpeg\" alt=\"\" width=\"535\" height=\"324\" srcset=\"https:\/\/www.buroperiodistico.com.mx\/wp-content\/uploads\/2025\/11\/SDETamaulipas-2.jpeg 1024w, https:\/\/www.buroperiodistico.com.mx\/wp-content\/uploads\/2025\/11\/SDETamaulipas-2-300x182.jpeg 300w, https:\/\/www.buroperiodistico.com.mx\/wp-content\/uploads\/2025\/11\/SDETamaulipas-2-768x465.jpeg 768w\" sizes=\"auto, (max-width: 535px) 100vw, 535px\" \/>Reynosa, Tamaulipas (13-Noviembre-2025).-<\/strong><\/em> Personal de la Secretar\u00eda de Desarrollo Energ\u00e9tico de Tamaulipas, se reuni\u00f3 con representantes de la Comisi\u00f3n Federal de Electricidad (CFE) en Reynosa para conocer el avance de las construcciones de las subestaciones en el norte del estado.<\/p>\n<p>El subsecretario de Electricidad y Energ\u00edas Renovables, Roberto Manuel Rend\u00f3n Mares y el subsecretario de Hidrocarburos, Gobirish Mireles entablaron una sesi\u00f3n de trabajo donde verificaron los avances en dichas subestaciones, as\u00ed como los pr\u00f3ximos proyectos de infraestructura destinados a fortalecer la zona de distribuci\u00f3n en Reynosa, Tamaulipas.<\/p>\n<p>Rend\u00f3n Mares, se\u00f1al\u00f3 que la visi\u00f3n del gobernador Am\u00e9rico Villarreal es garantizar un suministro el\u00e9ctrico confiable, seguro y eficiente, capaz de acompa\u00f1ar el crecimiento industrial y urbano que experimenta el norte del estado y que la ciudadan\u00eda cuente con energ\u00eda en todo momento.<\/p>\n<p>Afirmaron que con estas acciones, el Gobierno de Tamaulipas reafirma su compromiso con el desarrollo energ\u00e9tico sostenible y el fortalecimiento de la infraestructura que impulsa la competitividad regional.<\/p>\n<p><img loading=\"lazy\" decoding=\"async\" class=\"aligncenter size-full wp-image-187605\" src=\"https:\/\/www.buroperiodistico.com.mx\/wp-content\/uploads\/2025\/11\/SDETamaulipas-I-1.jpeg\" alt=\"\" width=\"640\" height=\"480\" srcset=\"https:\/\/www.buroperiodistico.com.mx\/wp-content\/uploads\/2025\/11\/SDETamaulipas-I-1.jpeg 640w, https:\/\/www.buroperiodistico.com.mx\/wp-content\/uploads\/2025\/11\/SDETamaulipas-I-1-300x225.jpeg 300w\" sizes=\"auto, (max-width: 640px) 100vw, 640px\" \/><\/p>\n","protected":false},"excerpt":{"rendered":"<p>Reynosa, Tamaulipas (13-Noviembre-2025).- Personal de la Secretar\u00eda de Desarrollo Energ\u00e9tico de Tamaulipas, se reuni\u00f3 con&#8230;<\/p>\n","protected":false},"author":1,"featured_media":187606,"comment_status":"closed","ping_status":"closed","sticky":false,"template":"","format":"standard","meta":{"footnotes":"","jetpack_publicize_message":"","jetpack_publicize_feature_enabled":true,"jetpack_social_post_already_shared":true,"jetpack_social_options":{"image_generator_settings":{"template":"highway","default_image_id":0,"font":"","enabled":false},"version":2}},"categories":[10],"tags":[],"class_list":["post-187604","post","type-post","status-publish","format-standard","has-post-thumbnail","hentry","category-tamaulipas"],"jetpack_publicize_connections":[],"_links":{"self":[{"href":"https:\/\/www.buroperiodistico.com.mx\/index.php?rest_route=\/wp\/v2\/posts\/187604","targetHints":{"allow":["GET"]}}],"collection":[{"href":"https:\/\/www.buroperiodistico.com.mx\/index.php?rest_route=\/wp\/v2\/posts"}],"about":[{"href":"https:\/\/www.buroperiodistico.com.mx\/index.php?rest_route=\/wp\/v2\/types\/post"}],"author":[{"embeddable":true,"href":"https:\/\/www.buroperiodistico.com.mx\/index.php?rest_route=\/wp\/v2\/users\/1"}],"replies":[{"embeddable":true,"href":"https:\/\/www.buroperiodistico.com.mx\/index.php?rest_route=%2Fwp%2Fv2%2Fcomments&post=187604"}],"version-history":[{"count":0,"href":"https:\/\/www.buroperiodistico.com.mx\/index.php?rest_route=\/wp\/v2\/posts\/187604\/revisions"}],"wp:featuredmedia":[{"embeddable":true,"href":"https:\/\/www.buroperiodistico.com.mx\/index.php?rest_route=\/wp\/v2\/media\/187606"}],"wp:attachment":[{"href":"https:\/\/www.buroperiodistico.com.mx\/index.php?rest_route=%2Fwp%2Fv2%2Fmedia&parent=187604"}],"wp:term":[{"taxonomy":"category","embeddable":true,"href":"https:\/\/www.buroperiodistico.com.mx\/index.php?rest_route=%2Fwp%2Fv2%2Fcategories&post=187604"},{"taxonomy":"post_tag","embeddable":true,"href":"https:\/\/www.buroperiodistico.com.mx\/index.php?rest_route=%2Fwp%2Fv2%2Ftags&post=187604"}],"curies":[{"name":"wp","href":"https:\/\/api.w.org\/{rel}","templated":true}]}}