{"id":187592,"date":"2025-11-13T12:23:24","date_gmt":"2025-11-13T18:23:24","guid":{"rendered":"https:\/\/www.buroperiodistico.com.mx\/?p=187592"},"modified":"2025-11-13T12:23:24","modified_gmt":"2025-11-13T18:23:24","slug":"da-a-conocer-itca-lista-de-artistas-que-participaran-en-nexos-muestra-de-arte-emergente-tamaulipeco","status":"publish","type":"post","link":"https:\/\/www.buroperiodistico.com.mx\/?p=187592","title":{"rendered":"Da a conocer ITCA lista de artistas que participar\u00e1n en NEXOS: Muestra de Arte Emergente Tamaulipeco"},"content":{"rendered":"<ul>\n<li><strong><em>La exposici\u00f3n colectiva se inaugurar\u00e1 en diciembre de este a\u00f1o en la Galer\u00eda Pedro Banda del Centro Cultural Tamaulipas<\/em><\/strong><\/li>\n<\/ul>\n<p><strong><img loading=\"lazy\" decoding=\"async\" class=\" wp-image-187594 alignright\" src=\"https:\/\/www.buroperiodistico.com.mx\/wp-content\/uploads\/2025\/11\/ICATamaulipeco.jpeg\" alt=\"\" width=\"494\" height=\"312\" srcset=\"https:\/\/www.buroperiodistico.com.mx\/wp-content\/uploads\/2025\/11\/ICATamaulipeco.jpeg 1024w, https:\/\/www.buroperiodistico.com.mx\/wp-content\/uploads\/2025\/11\/ICATamaulipeco-300x190.jpeg 300w, https:\/\/www.buroperiodistico.com.mx\/wp-content\/uploads\/2025\/11\/ICATamaulipeco-768x485.jpeg 768w\" sizes=\"auto, (max-width: 494px) 100vw, 494px\" \/>Ciudad Victoria, Tamaulipas (13-Noviembre-2025).-<\/strong> El Instituto Tamaulipeco para la Cultura y las Artes (ITCA) dio a conocer la lista de artistas seleccionados para NEXOS: Muestra de Arte Emergente Tamaulipeco, la cual se exhibir\u00e1 en diciembre pr\u00f3ximo para mostrar la diversidad est\u00e9tica y conceptual de una nueva generaci\u00f3n de creadores pl\u00e1sticos y visuales en la regi\u00f3n.<\/p>\n<p>Ello, luego de que en octubre pasado el Gobierno del Estado lanz\u00f3 la convocatoria de arte NEXOS, a trav\u00e9s de la Secretar\u00eda de Bienestar y el ITCA, el Comit\u00e9 de Selecci\u00f3n integrado por destacados artistas pl\u00e1sticos y visuales de la regi\u00f3n, escogi\u00f3 para el proyecto a 22 artistas provenientes de diversos municipios del estado.<\/p>\n<p>\u00abTuvimos una participaci\u00f3n muy activa con 39 propuestas, de las cuales el comit\u00e9 eligi\u00f3 22 para formar parte de esta primera muestra. Artistas de Ciudad Madero, El Mante, Matamoros, Nuevo Laredo, Reynosa, R\u00edo Bravo y Ciudad Victoria postularon su trabajo\u00bb, destac\u00f3 H\u00e9ctor Romero-Lecanda, director general del ITCA.<\/p>\n<p>\u00abSiguiendo la iniciativa del gobernador Am\u00e9rico Villarreal para generar v\u00ednculos donde los creadores y el p\u00fablico en general puedan relacionarse activamente con las instituciones, NEXOS busca propiciar un espacio que fortalezca esta uni\u00f3n, brind\u00e1ndoles la oportunidad de tener visibilidad, audiencia y oportunidades para un crecimiento y validaci\u00f3n como artistas visuales\u00bb, refiri\u00f3.<\/p>\n<p>La lista de seleccionados para esta muestra incluye a Leticia Ochoa, Lilian Salas, Mariana Aldrete, Michelle Flores, Nefertiti Saucedo, Orlando Cu\u00e9llar, Romel Solano, Ver\u00f3nica Gaona y Jos\u00e9 Gonz\u00e1lez, quienes exploran diversas t\u00e9cnicas art\u00edsticas, adem\u00e1s de una variedad de temas que abordan su visi\u00f3n personal y est\u00e9tica.<\/p>\n<p>Tambi\u00e9n formar\u00e1n parte Alejandra Mu\u00f1oz, Alex Cano, Axel Trejo, Andrea Perales (anderpercov), \u00c1ngela Garc\u00eda, Anihail \u00c1lvarez, Antonio M\u00e1rquez, Camila N\u00fa\u00f1ez, Daniel Mart\u00ednez y Daniela Campos.<\/p>\n<p>Y completar\u00e1n la colectiva Elena Huita, Freyda Adame y Javier Mendoza, la cual estar\u00e1 disponible a partir de diciembre del 2025 en la Galer\u00eda Pedro Banda del Centro Cultural Tamaulipas.<\/p>\n<p>Quienes integraron el comit\u00e9 de selecci\u00f3n fueron Alonzo y Alexis Cruces, Rogelio Melendez y Mario Jim\u00e9nez, destacados artistas de la regi\u00f3n.<\/p>\n<p><img loading=\"lazy\" decoding=\"async\" class=\"aligncenter size-full wp-image-187593\" src=\"https:\/\/www.buroperiodistico.com.mx\/wp-content\/uploads\/2025\/11\/ICATamaulipeco-I.jpeg\" alt=\"\" width=\"495\" height=\"480\" srcset=\"https:\/\/www.buroperiodistico.com.mx\/wp-content\/uploads\/2025\/11\/ICATamaulipeco-I.jpeg 495w, https:\/\/www.buroperiodistico.com.mx\/wp-content\/uploads\/2025\/11\/ICATamaulipeco-I-300x291.jpeg 300w\" sizes=\"auto, (max-width: 495px) 100vw, 495px\" \/><\/p>\n","protected":false},"excerpt":{"rendered":"<p>La exposici\u00f3n colectiva se inaugurar\u00e1 en diciembre de este a\u00f1o en la Galer\u00eda Pedro Banda&#8230;<\/p>\n","protected":false},"author":1,"featured_media":187594,"comment_status":"closed","ping_status":"closed","sticky":false,"template":"","format":"standard","meta":{"footnotes":"","jetpack_publicize_message":"","jetpack_publicize_feature_enabled":true,"jetpack_social_post_already_shared":true,"jetpack_social_options":{"image_generator_settings":{"template":"highway","default_image_id":0,"font":"","enabled":false},"version":2}},"categories":[10],"tags":[],"class_list":["post-187592","post","type-post","status-publish","format-standard","has-post-thumbnail","hentry","category-tamaulipas"],"jetpack_publicize_connections":[],"_links":{"self":[{"href":"https:\/\/www.buroperiodistico.com.mx\/index.php?rest_route=\/wp\/v2\/posts\/187592","targetHints":{"allow":["GET"]}}],"collection":[{"href":"https:\/\/www.buroperiodistico.com.mx\/index.php?rest_route=\/wp\/v2\/posts"}],"about":[{"href":"https:\/\/www.buroperiodistico.com.mx\/index.php?rest_route=\/wp\/v2\/types\/post"}],"author":[{"embeddable":true,"href":"https:\/\/www.buroperiodistico.com.mx\/index.php?rest_route=\/wp\/v2\/users\/1"}],"replies":[{"embeddable":true,"href":"https:\/\/www.buroperiodistico.com.mx\/index.php?rest_route=%2Fwp%2Fv2%2Fcomments&post=187592"}],"version-history":[{"count":0,"href":"https:\/\/www.buroperiodistico.com.mx\/index.php?rest_route=\/wp\/v2\/posts\/187592\/revisions"}],"wp:featuredmedia":[{"embeddable":true,"href":"https:\/\/www.buroperiodistico.com.mx\/index.php?rest_route=\/wp\/v2\/media\/187594"}],"wp:attachment":[{"href":"https:\/\/www.buroperiodistico.com.mx\/index.php?rest_route=%2Fwp%2Fv2%2Fmedia&parent=187592"}],"wp:term":[{"taxonomy":"category","embeddable":true,"href":"https:\/\/www.buroperiodistico.com.mx\/index.php?rest_route=%2Fwp%2Fv2%2Fcategories&post=187592"},{"taxonomy":"post_tag","embeddable":true,"href":"https:\/\/www.buroperiodistico.com.mx\/index.php?rest_route=%2Fwp%2Fv2%2Ftags&post=187592"}],"curies":[{"name":"wp","href":"https:\/\/api.w.org\/{rel}","templated":true}]}}