{"id":187589,"date":"2025-11-13T12:15:55","date_gmt":"2025-11-13T18:15:55","guid":{"rendered":"https:\/\/www.buroperiodistico.com.mx\/?p=187589"},"modified":"2025-11-13T12:15:55","modified_gmt":"2025-11-13T18:15:55","slug":"invita-injuve-a-participar-en-la-convocatoria-del-premio-estatal-de-la-juventud-2025-y-ganar-hasta-50-mil","status":"publish","type":"post","link":"https:\/\/www.buroperiodistico.com.mx\/?p=187589","title":{"rendered":"Invita INJUVE a participar en la convocatoria del Premio Estatal de la Juventud 2025 y ganar hasta 50 mil"},"content":{"rendered":"<ul>\n<li><strong><em>La convocatoria cierra el pr\u00f3ximo 20 de noviembre<\/em><\/strong><\/li>\n<\/ul>\n<p><strong><em><img loading=\"lazy\" decoding=\"async\" class=\" wp-image-187590 alignright\" src=\"https:\/\/www.buroperiodistico.com.mx\/wp-content\/uploads\/2025\/11\/IJUx.jpg\" alt=\"\" width=\"549\" height=\"297\" srcset=\"https:\/\/www.buroperiodistico.com.mx\/wp-content\/uploads\/2025\/11\/IJUx.jpg 1110w, https:\/\/www.buroperiodistico.com.mx\/wp-content\/uploads\/2025\/11\/IJUx-300x162.jpg 300w, https:\/\/www.buroperiodistico.com.mx\/wp-content\/uploads\/2025\/11\/IJUx-1024x554.jpg 1024w, https:\/\/www.buroperiodistico.com.mx\/wp-content\/uploads\/2025\/11\/IJUx-768x415.jpg 768w\" sizes=\"auto, (max-width: 549px) 100vw, 549px\" \/>Ciudad Victoria, Tamaulipas (13-Noviembre-2025).-<\/em><\/strong> El director general del Instituto de la Juventud de Tamaulipas (INJUVE), Oscar Azael Rodr\u00edguez Perales, invit\u00f3 a participar en el Premio Estatal de la Juventud 2025, galard\u00f3n que distingue a las y los j\u00f3venes que destacan en diversos \u00e1mbitos del desarrollo.<\/p>\n<p>Inform\u00f3 que la convocatoria se mantiene abierta hasta el pr\u00f3ximo 20 de noviembre, por lo que las personas interesadas pueden realizar su registro consultando las bases en el siguiente enlace, tomando en cuenta no haber recibido el Premio en ninguna de sus ediciones anteriores,https:\/\/www.tamaulipas.gob.mx\/jovenes\/wp-content\/uploads\/sites\/19\/2025\/10\/convocatoria-premio-estatal-de-la-juventud-2025-injuve-tamaulipas.pdf<\/p>\n<p>Explic\u00f3 que fue dise\u00f1ada de forma amigable y f\u00e1cil de entender para quienes desean aplicar, b\u00e1sicamente cumplir con la documentaci\u00f3n general, adem\u00e1s, presentar una carta postulaci\u00f3n en donde se manifiesten los motivos y aspiraciones para ser acreedor al Premio.<\/p>\n<p>Asimismo, detall\u00f3 que los aspirantes deber\u00e1n redactar una s\u00edntesis curricular exponiendo su trayectoria en el \u00e1rea en la que est\u00e1n participando, proyectos relevantes, impacto a la comunidad, as\u00ed como logros y reconocimiento a nivel estatal, nacional e internacional.<\/p>\n<p>\u201cEl galard\u00f3n mantiene sus dos categor\u00edas: \u201cA\u201d, de 12 a 17 a\u00f1os, y \u201cB\u201d de 18 a 29 a\u00f1os, en sus nueve distinciones: Desarrollo Acad\u00e9mico, Cultura y Artes, G\u00e9nero y Diversidad, Apoyo al Campo y Desarrollo Rural, Cuidado del Medio Ambiente, Impulso al Emprendimiento, Inclusi\u00f3n y Desarrollo de Personas con Discapacidad, Cultura Pol\u00edtica y Democracia Participativa, y, Ciencia y Tecnolog\u00eda\u201d, puntualiz\u00f3.<\/p>\n<p>Refiri\u00f3 que esta es una suma de esfuerzos en la gesti\u00f3n econ\u00f3mica por parte del INJUVE y la Secretar\u00eda del Trabajo y Previsi\u00f3n Social (STyPS), que encabeza Luis Gerardo Illoldi Reyes, ya que las personas ganadoras recibir\u00e1n un est\u00edmulo econ\u00f3mico que asciende a $50,000 mil pesos, premiando \u00fanicamente el primer lugar por cada \u00e1rea de participaci\u00f3n y categor\u00eda.<\/p>\n<p>\u201cGracias al apoyo del gobernador, el doctor Am\u00e9rico Villarreal Anaya, y a su visi\u00f3n humanista, se reconocer\u00e1n a las juventudes que contribuyen a la transformaci\u00f3n de Tamaulipas, entregando en esta ocasi\u00f3n un total de $900,000 mil pesos en premios\u201d dijo finalmente.<\/p>\n","protected":false},"excerpt":{"rendered":"<p>La convocatoria cierra el pr\u00f3ximo 20 de noviembre Ciudad Victoria, Tamaulipas (13-Noviembre-2025).- El director general&#8230;<\/p>\n","protected":false},"author":1,"featured_media":187590,"comment_status":"closed","ping_status":"closed","sticky":false,"template":"","format":"standard","meta":{"footnotes":"","jetpack_publicize_message":"","jetpack_publicize_feature_enabled":true,"jetpack_social_post_already_shared":true,"jetpack_social_options":{"image_generator_settings":{"template":"highway","default_image_id":0,"font":"","enabled":false},"version":2}},"categories":[10],"tags":[],"class_list":["post-187589","post","type-post","status-publish","format-standard","has-post-thumbnail","hentry","category-tamaulipas"],"jetpack_publicize_connections":[],"_links":{"self":[{"href":"https:\/\/www.buroperiodistico.com.mx\/index.php?rest_route=\/wp\/v2\/posts\/187589","targetHints":{"allow":["GET"]}}],"collection":[{"href":"https:\/\/www.buroperiodistico.com.mx\/index.php?rest_route=\/wp\/v2\/posts"}],"about":[{"href":"https:\/\/www.buroperiodistico.com.mx\/index.php?rest_route=\/wp\/v2\/types\/post"}],"author":[{"embeddable":true,"href":"https:\/\/www.buroperiodistico.com.mx\/index.php?rest_route=\/wp\/v2\/users\/1"}],"replies":[{"embeddable":true,"href":"https:\/\/www.buroperiodistico.com.mx\/index.php?rest_route=%2Fwp%2Fv2%2Fcomments&post=187589"}],"version-history":[{"count":0,"href":"https:\/\/www.buroperiodistico.com.mx\/index.php?rest_route=\/wp\/v2\/posts\/187589\/revisions"}],"wp:featuredmedia":[{"embeddable":true,"href":"https:\/\/www.buroperiodistico.com.mx\/index.php?rest_route=\/wp\/v2\/media\/187590"}],"wp:attachment":[{"href":"https:\/\/www.buroperiodistico.com.mx\/index.php?rest_route=%2Fwp%2Fv2%2Fmedia&parent=187589"}],"wp:term":[{"taxonomy":"category","embeddable":true,"href":"https:\/\/www.buroperiodistico.com.mx\/index.php?rest_route=%2Fwp%2Fv2%2Fcategories&post=187589"},{"taxonomy":"post_tag","embeddable":true,"href":"https:\/\/www.buroperiodistico.com.mx\/index.php?rest_route=%2Fwp%2Fv2%2Ftags&post=187589"}],"curies":[{"name":"wp","href":"https:\/\/api.w.org\/{rel}","templated":true}]}}