{"id":187583,"date":"2025-11-13T11:39:45","date_gmt":"2025-11-13T17:39:45","guid":{"rendered":"https:\/\/www.buroperiodistico.com.mx\/?p=187583"},"modified":"2025-11-13T11:39:45","modified_gmt":"2025-11-13T17:39:45","slug":"presente-guardia-estatal-en-arranque-de-el-buen-fin-2025-en-la-zona-sur","status":"publish","type":"post","link":"https:\/\/www.buroperiodistico.com.mx\/?p=187583","title":{"rendered":"Presente Guardia Estatal en arranque de El Buen Fin 2025 en la zona sur"},"content":{"rendered":"<ul>\n<li><strong><em>La SSPT reafirma su compromiso de preservar entornos que propicien el desarrollo econ\u00f3mico en la entidad<\/em><\/strong><\/li>\n<\/ul>\n<p><strong><img loading=\"lazy\" decoding=\"async\" class=\" wp-image-187587 alignright\" src=\"https:\/\/www.buroperiodistico.com.mx\/wp-content\/uploads\/2025\/11\/SSPsur.jpeg\" alt=\"\" width=\"504\" height=\"312\" srcset=\"https:\/\/www.buroperiodistico.com.mx\/wp-content\/uploads\/2025\/11\/SSPsur.jpeg 1024w, https:\/\/www.buroperiodistico.com.mx\/wp-content\/uploads\/2025\/11\/SSPsur-300x186.jpeg 300w, https:\/\/www.buroperiodistico.com.mx\/wp-content\/uploads\/2025\/11\/SSPsur-768x476.jpeg 768w\" sizes=\"auto, (max-width: 504px) 100vw, 504px\" \/>Altamira, Tamaulipas (13-Noviembre-2025).-<\/strong> En conjunto con instituciones de los tres niveles de gobierno y representantes de la sociedad civil organizada, personal de la Guardia Estatal en la Zona Sur particip\u00f3 en el banderazo de arranque de la edici\u00f3n 2025 de El Buen Fin.<\/p>\n<p>El inicio de este evento nacional se realiz\u00f3 en la zona centro de Altamira y cont\u00f3 con la presencia de elementos de la Guardia Estatal, Secretar\u00eda de Marina, Guardia Nacional, Tr\u00e1nsito y Protecci\u00f3n Civil Municipal, quienes llevar\u00e1n a cabo un operativo interinstitucional en las principales zonas comerciales.<\/p>\n<p>Asimismo, se cont\u00f3 con la presencia de personal del Ayuntamiento de Altamira y representantes de la C\u00e1mara Nacional de Comercio (CANACO).<\/p>\n<p>Con estas acciones, la Secretar\u00eda de Seguridad P\u00fablica de Tamaulipas (SSPT) reafirma su compromiso de preservar entornos que propicien el desarrollo econ\u00f3mico en la entidad.<\/p>\n<p><img loading=\"lazy\" decoding=\"async\" class=\"aligncenter size-full wp-image-187584\" src=\"https:\/\/www.buroperiodistico.com.mx\/wp-content\/uploads\/2025\/11\/SSPsur-I.jpeg\" alt=\"\" width=\"640\" height=\"480\" srcset=\"https:\/\/www.buroperiodistico.com.mx\/wp-content\/uploads\/2025\/11\/SSPsur-I.jpeg 640w, https:\/\/www.buroperiodistico.com.mx\/wp-content\/uploads\/2025\/11\/SSPsur-I-300x225.jpeg 300w\" sizes=\"auto, (max-width: 640px) 100vw, 640px\" \/> <img loading=\"lazy\" decoding=\"async\" class=\"aligncenter size-full wp-image-187585\" src=\"https:\/\/www.buroperiodistico.com.mx\/wp-content\/uploads\/2025\/11\/SSPsur-II.jpeg\" alt=\"\" width=\"617\" height=\"480\" srcset=\"https:\/\/www.buroperiodistico.com.mx\/wp-content\/uploads\/2025\/11\/SSPsur-II.jpeg 617w, https:\/\/www.buroperiodistico.com.mx\/wp-content\/uploads\/2025\/11\/SSPsur-II-300x233.jpeg 300w\" sizes=\"auto, (max-width: 617px) 100vw, 617px\" \/> <img loading=\"lazy\" decoding=\"async\" class=\"aligncenter size-full wp-image-187586\" src=\"https:\/\/www.buroperiodistico.com.mx\/wp-content\/uploads\/2025\/11\/SSPsur-III.jpeg\" alt=\"\" width=\"640\" height=\"480\" srcset=\"https:\/\/www.buroperiodistico.com.mx\/wp-content\/uploads\/2025\/11\/SSPsur-III.jpeg 640w, https:\/\/www.buroperiodistico.com.mx\/wp-content\/uploads\/2025\/11\/SSPsur-III-300x225.jpeg 300w\" sizes=\"auto, (max-width: 640px) 100vw, 640px\" \/><\/p>\n","protected":false},"excerpt":{"rendered":"<p>La SSPT reafirma su compromiso de preservar entornos que propicien el desarrollo econ\u00f3mico en la&#8230;<\/p>\n","protected":false},"author":1,"featured_media":187587,"comment_status":"closed","ping_status":"closed","sticky":false,"template":"","format":"standard","meta":{"footnotes":"","jetpack_publicize_message":"","jetpack_publicize_feature_enabled":true,"jetpack_social_post_already_shared":true,"jetpack_social_options":{"image_generator_settings":{"template":"highway","default_image_id":0,"font":"","enabled":false},"version":2}},"categories":[10],"tags":[],"class_list":["post-187583","post","type-post","status-publish","format-standard","has-post-thumbnail","hentry","category-tamaulipas"],"jetpack_publicize_connections":[],"_links":{"self":[{"href":"https:\/\/www.buroperiodistico.com.mx\/index.php?rest_route=\/wp\/v2\/posts\/187583","targetHints":{"allow":["GET"]}}],"collection":[{"href":"https:\/\/www.buroperiodistico.com.mx\/index.php?rest_route=\/wp\/v2\/posts"}],"about":[{"href":"https:\/\/www.buroperiodistico.com.mx\/index.php?rest_route=\/wp\/v2\/types\/post"}],"author":[{"embeddable":true,"href":"https:\/\/www.buroperiodistico.com.mx\/index.php?rest_route=\/wp\/v2\/users\/1"}],"replies":[{"embeddable":true,"href":"https:\/\/www.buroperiodistico.com.mx\/index.php?rest_route=%2Fwp%2Fv2%2Fcomments&post=187583"}],"version-history":[{"count":0,"href":"https:\/\/www.buroperiodistico.com.mx\/index.php?rest_route=\/wp\/v2\/posts\/187583\/revisions"}],"wp:featuredmedia":[{"embeddable":true,"href":"https:\/\/www.buroperiodistico.com.mx\/index.php?rest_route=\/wp\/v2\/media\/187587"}],"wp:attachment":[{"href":"https:\/\/www.buroperiodistico.com.mx\/index.php?rest_route=%2Fwp%2Fv2%2Fmedia&parent=187583"}],"wp:term":[{"taxonomy":"category","embeddable":true,"href":"https:\/\/www.buroperiodistico.com.mx\/index.php?rest_route=%2Fwp%2Fv2%2Fcategories&post=187583"},{"taxonomy":"post_tag","embeddable":true,"href":"https:\/\/www.buroperiodistico.com.mx\/index.php?rest_route=%2Fwp%2Fv2%2Ftags&post=187583"}],"curies":[{"name":"wp","href":"https:\/\/api.w.org\/{rel}","templated":true}]}}