{"id":187577,"date":"2025-11-13T11:34:11","date_gmt":"2025-11-13T17:34:11","guid":{"rendered":"https:\/\/www.buroperiodistico.com.mx\/?p=187577"},"modified":"2025-11-13T11:34:11","modified_gmt":"2025-11-13T17:34:11","slug":"promueve-tamaulipas-consumo-de-productos-del-mar-en-comunidades-vulnerables","status":"publish","type":"post","link":"https:\/\/www.buroperiodistico.com.mx\/?p=187577","title":{"rendered":"Promueve Tamaulipas consumo de productos del mar en comunidades vulnerables"},"content":{"rendered":"<p><em><strong><img loading=\"lazy\" decoding=\"async\" class=\" wp-image-187581 alignright\" src=\"https:\/\/www.buroperiodistico.com.mx\/wp-content\/uploads\/2025\/11\/SRUvulnerables.jpeg\" alt=\"\" width=\"502\" height=\"305\" srcset=\"https:\/\/www.buroperiodistico.com.mx\/wp-content\/uploads\/2025\/11\/SRUvulnerables.jpeg 1024w, https:\/\/www.buroperiodistico.com.mx\/wp-content\/uploads\/2025\/11\/SRUvulnerables-300x182.jpeg 300w, https:\/\/www.buroperiodistico.com.mx\/wp-content\/uploads\/2025\/11\/SRUvulnerables-768x467.jpeg 768w\" sizes=\"auto, (max-width: 502px) 100vw, 502px\" \/>D\u00edaz Ordaz, Tamaulipas (13-Noviembre-2025).-<\/strong><\/em> La Secretar\u00eda de Desarrollo Rural, Pesca y Acuacultura, a trav\u00e9s de la Subsecretar\u00eda de Pesca y Acuacultura, realiz\u00f3 la entrega de m\u00e1s de una tonelada y media de filete de pescado en el municipio de D\u00edaz Ordaz, como parte del programa \u201cNutrimar Com\u00fan\u201d, con el objetivo de fomentar una alimentaci\u00f3n saludable y fortalecer la econom\u00eda de las familias del sector pesquero.<\/p>\n<p>Con esta acci\u00f3n se beneficiaron 800 familias en situaci\u00f3n vulnerable, reafirmando el compromiso del Gobierno del Estado de Tamaulipas, que encabeza Am\u00e9rico Villarreal Anaya, de promover la seguridad alimentaria y el consumo de productos del mar de alta calidad, inform\u00f3 Jorge de Jes\u00fas Montagner Mendoza, subsecretario de Pesca y Acuacultura.<\/p>\n<p>Montagner Mendoza destac\u00f3 que, mediante este programa, se benefician directamente 578 pescadores ribere\u00f1os del sector social, quienes podr\u00e1n fortalecer su actividad productiva y mejorar su econom\u00eda familiar.<\/p>\n<p>\u201cEste tipo de programas integrales no solo promueven una alimentaci\u00f3n balanceada entre las familias tamaulipecas, sino que tambi\u00e9n generan oportunidades de desarrollo para nuestros productores y pescadores locales\u201d, expres\u00f3 el subsecretario.<\/p>\n<p>Por su parte, la alcaldesa de D\u00edaz Ordaz, Nataly Garc\u00eda D\u00edaz, reconoci\u00f3 el respaldo del Gobierno del Estado a las familias del municipio, destacando la importancia de acercar productos del mar nutritivos y accesibles a la poblaci\u00f3n.<\/p>\n<p>Adem\u00e1s, destac\u00f3 que, en d\u00edas pasados, y por segundo a\u00f1o consecutivo, se llev\u00f3 a cabo el arranque del programa Nutrimar Com\u00fan en el municipio de Jim\u00e9nez, donde se entreg\u00f3 una tonelada de filete de pescado fresco a mil familias en situaci\u00f3n de vulnerabilidad, con el mismo prop\u00f3sito de fomentar una alimentaci\u00f3n saludable y fortalecer el bienestar social.<\/p>\n<p><img loading=\"lazy\" decoding=\"async\" class=\"aligncenter size-full wp-image-187578\" src=\"https:\/\/www.buroperiodistico.com.mx\/wp-content\/uploads\/2025\/11\/SRUvulnerables-I.jpeg\" alt=\"\" width=\"640\" height=\"427\" srcset=\"https:\/\/www.buroperiodistico.com.mx\/wp-content\/uploads\/2025\/11\/SRUvulnerables-I.jpeg 640w, https:\/\/www.buroperiodistico.com.mx\/wp-content\/uploads\/2025\/11\/SRUvulnerables-I-300x200.jpeg 300w\" sizes=\"auto, (max-width: 640px) 100vw, 640px\" \/> <img loading=\"lazy\" decoding=\"async\" class=\"aligncenter size-full wp-image-187580\" src=\"https:\/\/www.buroperiodistico.com.mx\/wp-content\/uploads\/2025\/11\/SRUvulnerables-III.jpeg\" alt=\"\" width=\"640\" height=\"427\" srcset=\"https:\/\/www.buroperiodistico.com.mx\/wp-content\/uploads\/2025\/11\/SRUvulnerables-III.jpeg 640w, https:\/\/www.buroperiodistico.com.mx\/wp-content\/uploads\/2025\/11\/SRUvulnerables-III-300x200.jpeg 300w\" sizes=\"auto, (max-width: 640px) 100vw, 640px\" \/> <img loading=\"lazy\" decoding=\"async\" class=\"aligncenter size-full wp-image-187579\" src=\"https:\/\/www.buroperiodistico.com.mx\/wp-content\/uploads\/2025\/11\/SRUvulnerables-II.jpeg\" alt=\"\" width=\"640\" height=\"422\" srcset=\"https:\/\/www.buroperiodistico.com.mx\/wp-content\/uploads\/2025\/11\/SRUvulnerables-II.jpeg 640w, https:\/\/www.buroperiodistico.com.mx\/wp-content\/uploads\/2025\/11\/SRUvulnerables-II-300x198.jpeg 300w\" sizes=\"auto, (max-width: 640px) 100vw, 640px\" \/><\/p>\n","protected":false},"excerpt":{"rendered":"<p>D\u00edaz Ordaz, Tamaulipas (13-Noviembre-2025).- La Secretar\u00eda de Desarrollo Rural, Pesca y Acuacultura, a trav\u00e9s de&#8230;<\/p>\n","protected":false},"author":1,"featured_media":187581,"comment_status":"closed","ping_status":"closed","sticky":false,"template":"","format":"standard","meta":{"footnotes":"","jetpack_publicize_message":"","jetpack_publicize_feature_enabled":true,"jetpack_social_post_already_shared":true,"jetpack_social_options":{"image_generator_settings":{"template":"highway","default_image_id":0,"font":"","enabled":false},"version":2}},"categories":[10],"tags":[],"class_list":["post-187577","post","type-post","status-publish","format-standard","has-post-thumbnail","hentry","category-tamaulipas"],"jetpack_publicize_connections":[],"_links":{"self":[{"href":"https:\/\/www.buroperiodistico.com.mx\/index.php?rest_route=\/wp\/v2\/posts\/187577","targetHints":{"allow":["GET"]}}],"collection":[{"href":"https:\/\/www.buroperiodistico.com.mx\/index.php?rest_route=\/wp\/v2\/posts"}],"about":[{"href":"https:\/\/www.buroperiodistico.com.mx\/index.php?rest_route=\/wp\/v2\/types\/post"}],"author":[{"embeddable":true,"href":"https:\/\/www.buroperiodistico.com.mx\/index.php?rest_route=\/wp\/v2\/users\/1"}],"replies":[{"embeddable":true,"href":"https:\/\/www.buroperiodistico.com.mx\/index.php?rest_route=%2Fwp%2Fv2%2Fcomments&post=187577"}],"version-history":[{"count":0,"href":"https:\/\/www.buroperiodistico.com.mx\/index.php?rest_route=\/wp\/v2\/posts\/187577\/revisions"}],"wp:featuredmedia":[{"embeddable":true,"href":"https:\/\/www.buroperiodistico.com.mx\/index.php?rest_route=\/wp\/v2\/media\/187581"}],"wp:attachment":[{"href":"https:\/\/www.buroperiodistico.com.mx\/index.php?rest_route=%2Fwp%2Fv2%2Fmedia&parent=187577"}],"wp:term":[{"taxonomy":"category","embeddable":true,"href":"https:\/\/www.buroperiodistico.com.mx\/index.php?rest_route=%2Fwp%2Fv2%2Fcategories&post=187577"},{"taxonomy":"post_tag","embeddable":true,"href":"https:\/\/www.buroperiodistico.com.mx\/index.php?rest_route=%2Fwp%2Fv2%2Ftags&post=187577"}],"curies":[{"name":"wp","href":"https:\/\/api.w.org\/{rel}","templated":true}]}}