{"id":187125,"date":"2025-11-10T19:05:58","date_gmt":"2025-11-11T01:05:58","guid":{"rendered":"https:\/\/www.buroperiodistico.com.mx\/?p=187125"},"modified":"2025-11-10T19:05:58","modified_gmt":"2025-11-11T01:05:58","slug":"senadora-olga-sosa-solicita-integrar-comision-de-trabajo-para-examinar-la-venta-de-la-paraestatal-hules-mexicanos-y-respetar-derechos-de-trabajadores","status":"publish","type":"post","link":"https:\/\/www.buroperiodistico.com.mx\/?p=187125","title":{"rendered":"Senadora Olga Sosa solicita integrar comisi\u00f3n de Trabajo para examinar la venta de la paraestatal Hules Mexicanos y respetar derechos de trabajadores"},"content":{"rendered":"<ul>\n<li><strong><em>Con m\u00e1s de tres d\u00e9cadas, extrabajadores y familiares siguen luchando por sus derechos bajo condiciones de vulnerabilidad.<\/em><\/strong><\/li>\n<\/ul>\n<p><strong><img loading=\"lazy\" decoding=\"async\" class=\" wp-image-187126 alignright\" src=\"https:\/\/www.buroperiodistico.com.mx\/wp-content\/uploads\/2025\/11\/Olgax-3.jpeg\" alt=\"\" width=\"534\" height=\"319\" srcset=\"https:\/\/www.buroperiodistico.com.mx\/wp-content\/uploads\/2025\/11\/Olgax-3.jpeg 1024w, https:\/\/www.buroperiodistico.com.mx\/wp-content\/uploads\/2025\/11\/Olgax-3-300x179.jpeg 300w, https:\/\/www.buroperiodistico.com.mx\/wp-content\/uploads\/2025\/11\/Olgax-3-768x459.jpeg 768w\" sizes=\"auto, (max-width: 534px) 100vw, 534px\" \/>CDMX (10-Noviembre-2025).-<\/strong> La senadora morenista por Tamaulipas, Olga Sosa Ru\u00edz, solicit\u00f3 a trav\u00e9s de un punto de acuerdo a la Junta de Coordinaci\u00f3n Pol\u00edtica del Senado de la Rep\u00fablica, la integraci\u00f3n de una comisi\u00f3n de Trabajo para examinar la venta de la paraestatal Hules Mexicanos, S.A, localizada en en Altamira y determinar el paradero de la participaci\u00f3n accionaria que correspond\u00eda a los trabajadores que esperan los beneficios.<\/p>\n<p>La senadora se\u00f1al\u00f3 en sus consideraciones, que el acuerdo de venta hace 36 a\u00f1os de la paraestatal del sector petroqu\u00edmico, dedicadas a la producci\u00f3n de hule sint\u00e9tico y negro de humo, fue objeto de una operaci\u00f3n de venta autorizada por la Secretar\u00eda de Hacienda y Cr\u00e9dito P\u00fablico, en la cual el Estado transfiri\u00f3 su participaci\u00f3n accionaria a un grupo privado, con la participaci\u00f3n de Banamex, S.N.C. como agente financiero.<\/p>\n<p>En dicho acuerdo de venta, se estableci\u00f3 que los trabajadores tendr\u00edan derecho a una participaci\u00f3n accionaria en la empresa, sin embargo, a m\u00e1s de tres d\u00e9cadas de distancia, extrabajadores y sus familias, contin\u00faan sin recibir informaci\u00f3n que les brinde certeza sobre los derechos laborales.<\/p>\n<p>El inter\u00e9s de la senadora Olga Sosa, est\u00e1 en reafirmar el compromiso de la cuarta transformaci\u00f3n con la justicia social, \u201c es un grupo poblacional vulnerable, actualmente lo constituyen, adultos mayores entre los cuales se encuentran viudas de escasos recursos, personas con enfermedades cr\u00f3nicas y algunas con discapacidad\u201d.<\/p>\n<p>En el punto de acuerdo ingresado al Senado de la Rep\u00fablica se solicita integrar un grupo de trabajo para esclarecer antecedentes, condiciones y resultados de la operaci\u00f3n de venta de la paraestatal y el destino de la participaci\u00f3n accionaria prometida a los trabajadores.<\/p>\n","protected":false},"excerpt":{"rendered":"<p>Con m\u00e1s de tres d\u00e9cadas, extrabajadores y familiares siguen luchando por sus derechos bajo condiciones&#8230;<\/p>\n","protected":false},"author":1,"featured_media":187126,"comment_status":"closed","ping_status":"closed","sticky":false,"template":"","format":"standard","meta":{"footnotes":"","jetpack_publicize_message":"","jetpack_publicize_feature_enabled":true,"jetpack_social_post_already_shared":true,"jetpack_social_options":{"image_generator_settings":{"template":"highway","default_image_id":0,"font":"","enabled":false},"version":2}},"categories":[11],"tags":[],"class_list":["post-187125","post","type-post","status-publish","format-standard","has-post-thumbnail","hentry","category-nacional"],"jetpack_publicize_connections":[],"_links":{"self":[{"href":"https:\/\/www.buroperiodistico.com.mx\/index.php?rest_route=\/wp\/v2\/posts\/187125","targetHints":{"allow":["GET"]}}],"collection":[{"href":"https:\/\/www.buroperiodistico.com.mx\/index.php?rest_route=\/wp\/v2\/posts"}],"about":[{"href":"https:\/\/www.buroperiodistico.com.mx\/index.php?rest_route=\/wp\/v2\/types\/post"}],"author":[{"embeddable":true,"href":"https:\/\/www.buroperiodistico.com.mx\/index.php?rest_route=\/wp\/v2\/users\/1"}],"replies":[{"embeddable":true,"href":"https:\/\/www.buroperiodistico.com.mx\/index.php?rest_route=%2Fwp%2Fv2%2Fcomments&post=187125"}],"version-history":[{"count":0,"href":"https:\/\/www.buroperiodistico.com.mx\/index.php?rest_route=\/wp\/v2\/posts\/187125\/revisions"}],"wp:featuredmedia":[{"embeddable":true,"href":"https:\/\/www.buroperiodistico.com.mx\/index.php?rest_route=\/wp\/v2\/media\/187126"}],"wp:attachment":[{"href":"https:\/\/www.buroperiodistico.com.mx\/index.php?rest_route=%2Fwp%2Fv2%2Fmedia&parent=187125"}],"wp:term":[{"taxonomy":"category","embeddable":true,"href":"https:\/\/www.buroperiodistico.com.mx\/index.php?rest_route=%2Fwp%2Fv2%2Fcategories&post=187125"},{"taxonomy":"post_tag","embeddable":true,"href":"https:\/\/www.buroperiodistico.com.mx\/index.php?rest_route=%2Fwp%2Fv2%2Ftags&post=187125"}],"curies":[{"name":"wp","href":"https:\/\/api.w.org\/{rel}","templated":true}]}}