{"id":187119,"date":"2025-11-10T19:00:11","date_gmt":"2025-11-11T01:00:11","guid":{"rendered":"https:\/\/www.buroperiodistico.com.mx\/?p=187119"},"modified":"2025-11-10T19:00:11","modified_gmt":"2025-11-11T01:00:11","slug":"carmen-lilia-canturosas-reafirma-compromiso-de-nuevo-laredo-en-operativo-heroes-paisanos-junto-al-gobernador-americo-villarreal","status":"publish","type":"post","link":"https:\/\/www.buroperiodistico.com.mx\/?p=187119","title":{"rendered":"CARMEN LILIA CANTUROSAS REAFIRMA COMPROMISO DE NUEVO LAREDO EN OPERATIVO H\u00c9ROES PAISANOS, JUNTO AL GOBERNADOR AM\u00c9RICO VILLARREAL"},"content":{"rendered":"<p dir=\"ltr\"><em><strong><img loading=\"lazy\" decoding=\"async\" class=\" wp-image-187123 alignright\" src=\"https:\/\/www.buroperiodistico.com.mx\/wp-content\/uploads\/2025\/11\/NLDx-1.jpeg\" alt=\"\" width=\"455\" height=\"274\" srcset=\"https:\/\/www.buroperiodistico.com.mx\/wp-content\/uploads\/2025\/11\/NLDx-1.jpeg 1024w, https:\/\/www.buroperiodistico.com.mx\/wp-content\/uploads\/2025\/11\/NLDx-1-300x180.jpeg 300w, https:\/\/www.buroperiodistico.com.mx\/wp-content\/uploads\/2025\/11\/NLDx-1-768x462.jpeg 768w\" sizes=\"auto, (max-width: 455px) 100vw, 455px\" \/>Nuevo Laredo, Tam (10-Noviembre-2025).-<\/strong><\/em> El gobernador de Tamaulipas, Am\u00e9rico Villarreal Anaya, encabez\u00f3 la Reuni\u00f3n Estatal de Coordinaci\u00f3n Operativo del Programa H\u00e9roes Paisanos, en la que participaron representantes de los tres niveles de gobierno, entre ellos la presidenta municipal de Nuevo Laredo, Carmen Lilia Canturosas Villarreal, adem\u00e1s del titular de la Oficina de Representaci\u00f3n del Instituto Nacional de Migraci\u00f3n en el estado, Segismundo Dogu\u00edn Mart\u00ednez.<\/p>\n<p dir=\"ltr\">Durante el encuentro en el que tambi\u00e9n estuvieron presentes los alcaldes de Matamoros, Alberto Granados y de Miguel Aleman, Ramiro Cortez, se revisaron las estrategias de atenci\u00f3n, seguridad y orientaci\u00f3n que se implementar\u00e1n durante la pr\u00f3xima temporada decembrina, con el prop\u00f3sito de garantizar un tr\u00e1nsito seguro, ordenado y \u00e1gil para los connacionales que regresan a M\u00e9xico para visitar a sus familias.<\/p>\n<p dir=\"ltr\">La presidenta municipal Carmen Lilia Canturosas destac\u00f3 la importancia de esta coordinaci\u00f3n interinstitucional, subrayando que Nuevo Laredo es el principal puerto fronterizo de ingreso de paisanos al pa\u00eds, por donde cada a\u00f1o miles de familias cruzan hacia territorio mexicano.<\/p>\n<p dir=\"ltr\">\u201cEn Nuevo Laredo hemos invertido para fortalecer a nuestras corporaciones de seguridad, Protecci\u00f3n Civil, Bomberos y Tr\u00e1nsito, porque sabemos que la tranquilidad de las familias y la seguridad de nuestros paisanos dependen de instituciones fuertes y coordinadas. Hoy vivimos un momento de paz social gracias al trabajo conjunto de los tres niveles de gobierno, y eso nos permite garantizar un cruce seguro y consolidarnos como la frontera m\u00e1s importante y confiable de M\u00e9xico\u201d, afirm\u00f3 la alcaldesa.<\/p>\n<p dir=\"ltr\">Se\u00f1al\u00f3 que el Gobierno Municipal contribuir\u00e1 activamente en las acciones del operativo a trav\u00e9s de la Direcci\u00f3n de Protecci\u00f3n Civil y Bomberos, as\u00ed como de la Direcci\u00f3n de Tr\u00e1nsito y Vialidad, con el objetivo de brindar seguridad y acompa\u00f1amiento a los visitantes.<\/p>\n<p dir=\"ltr\">Canturosas Villarreal reconoci\u00f3 que la colaboraci\u00f3n entre los tres \u00f3rdenes de gobierno ha sido clave en a\u00f1os anteriores para asegurar un cruce seguro y confortable para las familias migrantes, y reafirm\u00f3 el compromiso de Nuevo Laredo de seguir fortaleciendo esa coordinaci\u00f3n.<\/p>\n<p dir=\"ltr\">El Programa H\u00e9roes Paisanos, implementado por el Instituto Nacional de Migraci\u00f3n, busca ofrecer atenci\u00f3n integral y de calidad a los connacionales que regresan temporalmente a M\u00e9xico, mediante la participaci\u00f3n conjunta de dependencias federales, estatales y municipales. Este esfuerzo conjunto permitir\u00e1 que, una vez m\u00e1s, la temporada de retorno sea una experiencia positiva y segura para quienes visitan su pa\u00eds de origen.<\/p>\n<p dir=\"ltr\"><img loading=\"lazy\" decoding=\"async\" class=\"aligncenter size-full wp-image-187121\" src=\"https:\/\/www.buroperiodistico.com.mx\/wp-content\/uploads\/2025\/11\/NLDx-I-1.jpeg\" alt=\"\" width=\"640\" height=\"426\" srcset=\"https:\/\/www.buroperiodistico.com.mx\/wp-content\/uploads\/2025\/11\/NLDx-I-1.jpeg 640w, https:\/\/www.buroperiodistico.com.mx\/wp-content\/uploads\/2025\/11\/NLDx-I-1-300x200.jpeg 300w\" sizes=\"auto, (max-width: 640px) 100vw, 640px\" \/> <img loading=\"lazy\" decoding=\"async\" class=\"aligncenter size-full wp-image-187122\" src=\"https:\/\/www.buroperiodistico.com.mx\/wp-content\/uploads\/2025\/11\/NLDx-II-1.jpeg\" alt=\"\" width=\"640\" height=\"426\" srcset=\"https:\/\/www.buroperiodistico.com.mx\/wp-content\/uploads\/2025\/11\/NLDx-II-1.jpeg 640w, https:\/\/www.buroperiodistico.com.mx\/wp-content\/uploads\/2025\/11\/NLDx-II-1-300x200.jpeg 300w\" sizes=\"auto, (max-width: 640px) 100vw, 640px\" \/><\/p>\n","protected":false},"excerpt":{"rendered":"<p>Nuevo Laredo, Tam (10-Noviembre-2025).- El gobernador de Tamaulipas, Am\u00e9rico Villarreal Anaya, encabez\u00f3 la Reuni\u00f3n Estatal&#8230;<\/p>\n","protected":false},"author":1,"featured_media":187123,"comment_status":"closed","ping_status":"closed","sticky":false,"template":"","format":"standard","meta":{"footnotes":"","jetpack_publicize_message":"","jetpack_publicize_feature_enabled":true,"jetpack_social_post_already_shared":true,"jetpack_social_options":{"image_generator_settings":{"template":"highway","default_image_id":0,"font":"","enabled":false},"version":2}},"categories":[16,25],"tags":[],"class_list":["post-187119","post","type-post","status-publish","format-standard","has-post-thumbnail","hentry","category-nuevolaredo","category-portada"],"jetpack_publicize_connections":[],"_links":{"self":[{"href":"https:\/\/www.buroperiodistico.com.mx\/index.php?rest_route=\/wp\/v2\/posts\/187119","targetHints":{"allow":["GET"]}}],"collection":[{"href":"https:\/\/www.buroperiodistico.com.mx\/index.php?rest_route=\/wp\/v2\/posts"}],"about":[{"href":"https:\/\/www.buroperiodistico.com.mx\/index.php?rest_route=\/wp\/v2\/types\/post"}],"author":[{"embeddable":true,"href":"https:\/\/www.buroperiodistico.com.mx\/index.php?rest_route=\/wp\/v2\/users\/1"}],"replies":[{"embeddable":true,"href":"https:\/\/www.buroperiodistico.com.mx\/index.php?rest_route=%2Fwp%2Fv2%2Fcomments&post=187119"}],"version-history":[{"count":0,"href":"https:\/\/www.buroperiodistico.com.mx\/index.php?rest_route=\/wp\/v2\/posts\/187119\/revisions"}],"wp:featuredmedia":[{"embeddable":true,"href":"https:\/\/www.buroperiodistico.com.mx\/index.php?rest_route=\/wp\/v2\/media\/187123"}],"wp:attachment":[{"href":"https:\/\/www.buroperiodistico.com.mx\/index.php?rest_route=%2Fwp%2Fv2%2Fmedia&parent=187119"}],"wp:term":[{"taxonomy":"category","embeddable":true,"href":"https:\/\/www.buroperiodistico.com.mx\/index.php?rest_route=%2Fwp%2Fv2%2Fcategories&post=187119"},{"taxonomy":"post_tag","embeddable":true,"href":"https:\/\/www.buroperiodistico.com.mx\/index.php?rest_route=%2Fwp%2Fv2%2Ftags&post=187119"}],"curies":[{"name":"wp","href":"https:\/\/api.w.org\/{rel}","templated":true}]}}