{"id":187113,"date":"2025-11-10T18:52:13","date_gmt":"2025-11-11T00:52:13","guid":{"rendered":"https:\/\/www.buroperiodistico.com.mx\/?p=187113"},"modified":"2025-11-10T18:52:13","modified_gmt":"2025-11-11T00:52:13","slug":"cronicas-politicas-por-alberto-guerra-salazar-591","status":"publish","type":"post","link":"https:\/\/www.buroperiodistico.com.mx\/?p=187113","title":{"rendered":"CRONICAS POLITICAS\/ Por Alberto Guerra Salazar"},"content":{"rendered":"<p><strong><em>10 de noviembre 2025<\/em><\/strong><\/p>\n<p style=\"text-align: center;\"><strong>A cuidarse del mal tiempo\u2026<\/strong><\/p>\n<p>CIUDAD VICTORIA, (ASI).\u2014 La siguiente es una noticia antigua pero se siente muy bien anunciarla por eso la repetimos: en 2026 no habr\u00e1 incremento en los impuestos ni la creaci\u00f3n de otros.<\/p>\n<p>El secretario estatal de finanzas Carlos Iv\u00e1n Ram\u00edrez Gonz\u00e1lez inform\u00f3 que la estrategia de Am\u00e9rico Villarreal Anaya es concentrar la atenci\u00f3n en mejorar la recaudaci\u00f3n y mantener una finanzas estables y transparentes, sin afectar la econom\u00eda de las familias tamaulipecas.<\/p>\n<p>Inform\u00f3 que las ciudades con mayor captaci\u00f3n de impuestos son Reynosa, Matamoros, Ciudad Victoria, Tampico y Nuevo Laredo, lo que en su opini\u00f3n evidencia una amplia participaci\u00f3n de los contribuyentes y refleja el esfuerzo coordinado por ofrecer una atenci\u00f3n oportuna en todas las regiones del Estado.<\/p>\n<p>Agreg\u00f3 que no se contempla ninguna iniciativa del Ejecutivo estatal para modificar los impuestos actuales, y que cualquier cambio depender\u00e1 del an\u00e1lisis legislativo que realice el Congreso del Estado dentro del paquete fiscal 2026.<\/p>\n<p>Dijo adem\u00e1s que la pol\u00edtica fiscal estatal mantiene un equilibrio entre la captaci\u00f3n responsable de recursos y la protecci\u00f3n de la econom\u00eda familiar, contribuyendo al fortalecimiento de las finanzas p\u00fablicas y a la consolidaci\u00f3n del desarrollo econ\u00f3mico de Tamaulipas.<\/p>\n<p>Puntualiz\u00f3 que estos resultados son posibles gracias a los decretos de regularizaci\u00f3n vehicular, registrando un desempe\u00f1o altamente favorable en la venta de placas y de registro vehiculares para unidades modelo 2010, con un pago de tres mil novecientos noventa pesos, y para veh\u00edculos modelo 2011 a 2016, con una tarifa de cinco mil novecientos noventa pesos.<\/p>\n<p>Por cierto, Tamaulipas prepara de manera coordinada con el Instituto Nacional de Migraci\u00f3n para poner en marcha el operativo especial \u201cH\u00e9roes Paisanos Invierno 2025\u201d, que se desplegar\u00e1 del 28 de noviembre de 2025 al 8 de enero de 2026, a fin de acompa\u00f1ar a nuestros connacionales en su ingreso, tr\u00e1nsito, estancia y salida del pa\u00eds con motivo de las fiestas de fin de a\u00f1o.<\/p>\n<p>Para tal efecto, el Gobernador Am\u00e9rico Villarreal Anaya presidi\u00f3 una Mesa de Coordinaci\u00f3n y Construcci\u00f3n de Paz con la participaci\u00f3n del delegado del INM, Segismundo Dogu\u00edn Mart\u00ednez, as\u00ed como con las autoridades municipales de la regi\u00f3n fronteriza y representantes de dependencias federales.<\/p>\n<p>En este encuentro se definieron estrategias y se evaluaron las acciones que se implementar\u00e1n durante el operativo, en el que toman parte m\u00e1s de 30 instituciones de los tres niveles de gobierno.<\/p>\n<p>Ante la presencia del director general del Centro Tamaulipas de la Secretar\u00eda de Infraestructura, Comunicaciones y Transporte, Mario Mata Res\u00e9ndiz, el mandatario tamaulipeco pidi\u00f3 que se emitan, con la debida anticipaci\u00f3n, el anuncio para restringir, solo en horario nocturno, el tr\u00e1nsito de veh\u00edculo de carga pesada y de doble remolque en las carreteras de la entidad.<\/p>\n<p>En la reuni\u00f3n los alcaldes Carmen Lilia Cant\u00farosas Villarreal, de Nuevo Laredo, y de Camargo, Ernestina Perales Ortiz, as\u00ed como los alcaldes Alberto Granados, de Matamoros, y Ramiro Cort\u00e9s, de Miguel Alem\u00e1n, destacaron el trabajo coordinado y la suma de esfuerzos con autoridades migratorias.<\/p>\n<p>Tambi\u00e9n expusieron las acciones que se realizan en sus respectivos municipios para atender a los paisanos desde el primer momento en que ingresan a Tamaulipas.<\/p>\n<p>Mientras tanto, el secretario estatal de salud Vicente Joel Hern\u00e1ndez Navarro recomend\u00f3 a la poblaci\u00f3n tomar medidas preventivas como abrigarse adecuadamente y evitar cambios bruscos del clima.<\/p>\n<p>En entrevista previa a los honores a la bandera de ayer lunes, el funcionario estatal se\u00f1al\u00f3 que entre las medidas preventivas tambi\u00e9n se podr\u00eda dar la suspensi\u00f3n de clases en las escuelas, en caso de que las temperaturas descienden considerablemente y exhort\u00f3 a proteger a la poblaci\u00f3n m\u00e1s vulnerable, como los ni\u00f1os y adultos mayores.<\/p>\n<p>Dijo que ya se registra un incremento de casos de enfermedades respiratorias agudas en donde padecimientos como la influenza suman 54 casos y 20 pacientes as han confirmado con la enfermedad de COVID, por ello mencion\u00f3 la importancia de vacunarse.<\/p>\n<p>El funcionario de Salud tambi\u00e9n fue cuestionando sobre la enfermedad de Boca-Mano-Pie, la cual se ha dado el seguimiento puntual a la evoluci\u00f3n de la enfermedad en el Estado, as\u00ed como la aplicaci\u00f3n de las medidas preventivas correspondientes.<\/p>\n<p>Correo electr\u00f3nico: albertoguerra65@hotmail.com<\/p>\n","protected":false},"excerpt":{"rendered":"<p>10 de noviembre 2025 A cuidarse del mal tiempo\u2026 CIUDAD VICTORIA, (ASI).\u2014 La siguiente es&#8230;<\/p>\n","protected":false},"author":1,"featured_media":149413,"comment_status":"closed","ping_status":"closed","sticky":false,"template":"","format":"standard","meta":{"footnotes":"","jetpack_publicize_message":"","jetpack_publicize_feature_enabled":true,"jetpack_social_post_already_shared":true,"jetpack_social_options":{"image_generator_settings":{"template":"highway","default_image_id":0,"font":"","enabled":false},"version":2}},"categories":[23],"tags":[],"class_list":["post-187113","post","type-post","status-publish","format-standard","has-post-thumbnail","hentry","category-columnas"],"jetpack_publicize_connections":[],"_links":{"self":[{"href":"https:\/\/www.buroperiodistico.com.mx\/index.php?rest_route=\/wp\/v2\/posts\/187113","targetHints":{"allow":["GET"]}}],"collection":[{"href":"https:\/\/www.buroperiodistico.com.mx\/index.php?rest_route=\/wp\/v2\/posts"}],"about":[{"href":"https:\/\/www.buroperiodistico.com.mx\/index.php?rest_route=\/wp\/v2\/types\/post"}],"author":[{"embeddable":true,"href":"https:\/\/www.buroperiodistico.com.mx\/index.php?rest_route=\/wp\/v2\/users\/1"}],"replies":[{"embeddable":true,"href":"https:\/\/www.buroperiodistico.com.mx\/index.php?rest_route=%2Fwp%2Fv2%2Fcomments&post=187113"}],"version-history":[{"count":0,"href":"https:\/\/www.buroperiodistico.com.mx\/index.php?rest_route=\/wp\/v2\/posts\/187113\/revisions"}],"wp:featuredmedia":[{"embeddable":true,"href":"https:\/\/www.buroperiodistico.com.mx\/index.php?rest_route=\/wp\/v2\/media\/149413"}],"wp:attachment":[{"href":"https:\/\/www.buroperiodistico.com.mx\/index.php?rest_route=%2Fwp%2Fv2%2Fmedia&parent=187113"}],"wp:term":[{"taxonomy":"category","embeddable":true,"href":"https:\/\/www.buroperiodistico.com.mx\/index.php?rest_route=%2Fwp%2Fv2%2Fcategories&post=187113"},{"taxonomy":"post_tag","embeddable":true,"href":"https:\/\/www.buroperiodistico.com.mx\/index.php?rest_route=%2Fwp%2Fv2%2Ftags&post=187113"}],"curies":[{"name":"wp","href":"https:\/\/api.w.org\/{rel}","templated":true}]}}