{"id":187094,"date":"2025-11-10T18:29:37","date_gmt":"2025-11-11T00:29:37","guid":{"rendered":"https:\/\/www.buroperiodistico.com.mx\/?p=187094"},"modified":"2025-11-10T18:29:37","modified_gmt":"2025-11-11T00:29:37","slug":"ninos-y-ninas-de-tamaulipas-celebran-tercer-aniversario-de-la-guardia-estatal","status":"publish","type":"post","link":"https:\/\/www.buroperiodistico.com.mx\/?p=187094","title":{"rendered":"Ni\u00f1os y ni\u00f1as de Tamaulipas celebran tercer aniversario de la Guardia Estatal"},"content":{"rendered":"<ul>\n<li><strong><em>A trav\u00e9s de un recorrido guiado en el Complejo Estatal de Seguridad P\u00fablica, estudiantes de nivel b\u00e1sico convivieron con personal de las diferentes unidades de la Guardia Estatal<\/em><\/strong><\/li>\n<\/ul>\n<p><strong><img loading=\"lazy\" decoding=\"async\" class=\" wp-image-187099 alignright\" src=\"https:\/\/www.buroperiodistico.com.mx\/wp-content\/uploads\/2025\/11\/SSPGuardia.jpeg\" alt=\"\" width=\"530\" height=\"337\" srcset=\"https:\/\/www.buroperiodistico.com.mx\/wp-content\/uploads\/2025\/11\/SSPGuardia.jpeg 1024w, https:\/\/www.buroperiodistico.com.mx\/wp-content\/uploads\/2025\/11\/SSPGuardia-300x190.jpeg 300w, https:\/\/www.buroperiodistico.com.mx\/wp-content\/uploads\/2025\/11\/SSPGuardia-768x488.jpeg 768w\" sizes=\"auto, (max-width: 530px) 100vw, 530px\" \/>Ciudad Victoria, Tamaulipas (10-Noviembre-2025).-<\/strong> Con base en la pol\u00edtica de puertas abiertas de la Secretar\u00eda de Seguridad P\u00fablica de Tamaulipas (SSPT), ni\u00f1os y ni\u00f1as que estudian el nivel b\u00e1sico visitaron las instalaciones del Complejo Estatal de Seguridad P\u00fablica y sostuvieron una convivencia con personal de las diferentes unidades de la Guardia Estatal en el marco del tercer aniversario.<\/p>\n<p>En este evento, conocieron parte del equipo y operatividad de las Fuerzas Especiales de la Guardia Estatal (FEGE); participaron en las din\u00e1micas de la Guardia Estatal de G\u00e9nero y se tomaron fotograf\u00edas con las botargas oficiales de la SSPT; aprendieron sobre seguridad digital con actividades virtuales de la Guardia Estatal Cibern\u00e9tica y cultura vial con la Direcci\u00f3n de Tr\u00e1nsito Estatal.<\/p>\n<p>Asimismo, dieron paseos a caballo guiados por jinetes de la Guardia Estatal y presenciaron una demostraci\u00f3n del trabajo realizado por los binomios caninos y manejadores, ambos pertenecientes a la Direcci\u00f3n de Agrupamientos Policiales.<\/p>\n<p>\u2018\u2019Nos da mucho gusto, estamos muy agradecidos de esta visita y yo quiero reafirmar y ratificar que esta es su casa, todas las escuelas de todos los grados pueden venir y les daremos una informaci\u00f3n importante de c\u00f3mo est\u00e1 conformada y organizada la Guardia Estatal\u2019\u2019, manifest\u00f3 el titular de la SSPT, Carlos Arturo Pancardo Escudero.<\/p>\n<p>Destac\u00f3, mediante estas actividades, la Guardia Estatal reafirma su compromiso con la ni\u00f1ez tamaulipeca y reconoce su papel activo en la sociedad; a tres a\u00f1os de su creaci\u00f3n, exhort\u00f3 al personal a continuar estrechando los lazos de colaboraci\u00f3n con todos los grupos poblacionales que conforman la entidad y reconoci\u00f3 los avances en la materia.<\/p>\n<p>\u2018\u2019Sigamos trabajando con toda la dignidad, toda la honorabilidad y toda la disposici\u00f3n que hasta ahorita han demostrado, porque han avanzado en la confianza de toda la poblaci\u00f3n tamaulipeca, mi admiraci\u00f3n y respeto porque hasta ahorita vamos muy bien\u2019\u2019, extern\u00f3.<\/p>\n<p><img loading=\"lazy\" decoding=\"async\" class=\"aligncenter size-full wp-image-187095\" src=\"https:\/\/www.buroperiodistico.com.mx\/wp-content\/uploads\/2025\/11\/SSPGuardia-I.jpeg\" alt=\"\" width=\"640\" height=\"427\" srcset=\"https:\/\/www.buroperiodistico.com.mx\/wp-content\/uploads\/2025\/11\/SSPGuardia-I.jpeg 640w, https:\/\/www.buroperiodistico.com.mx\/wp-content\/uploads\/2025\/11\/SSPGuardia-I-300x200.jpeg 300w\" sizes=\"auto, (max-width: 640px) 100vw, 640px\" \/> <img loading=\"lazy\" decoding=\"async\" class=\"aligncenter size-full wp-image-187098\" src=\"https:\/\/www.buroperiodistico.com.mx\/wp-content\/uploads\/2025\/11\/SSPGuardia-IIII.jpeg\" alt=\"\" width=\"640\" height=\"427\" srcset=\"https:\/\/www.buroperiodistico.com.mx\/wp-content\/uploads\/2025\/11\/SSPGuardia-IIII.jpeg 640w, https:\/\/www.buroperiodistico.com.mx\/wp-content\/uploads\/2025\/11\/SSPGuardia-IIII-300x200.jpeg 300w\" sizes=\"auto, (max-width: 640px) 100vw, 640px\" \/> <img loading=\"lazy\" decoding=\"async\" class=\"aligncenter size-full wp-image-187097\" src=\"https:\/\/www.buroperiodistico.com.mx\/wp-content\/uploads\/2025\/11\/SSPGuardia-III.jpeg\" alt=\"\" width=\"640\" height=\"427\" srcset=\"https:\/\/www.buroperiodistico.com.mx\/wp-content\/uploads\/2025\/11\/SSPGuardia-III.jpeg 640w, https:\/\/www.buroperiodistico.com.mx\/wp-content\/uploads\/2025\/11\/SSPGuardia-III-300x200.jpeg 300w\" sizes=\"auto, (max-width: 640px) 100vw, 640px\" \/> <img loading=\"lazy\" decoding=\"async\" class=\"aligncenter size-full wp-image-187096\" src=\"https:\/\/www.buroperiodistico.com.mx\/wp-content\/uploads\/2025\/11\/SSPGuardia-II.jpeg\" alt=\"\" width=\"640\" height=\"427\" srcset=\"https:\/\/www.buroperiodistico.com.mx\/wp-content\/uploads\/2025\/11\/SSPGuardia-II.jpeg 640w, https:\/\/www.buroperiodistico.com.mx\/wp-content\/uploads\/2025\/11\/SSPGuardia-II-300x200.jpeg 300w\" sizes=\"auto, (max-width: 640px) 100vw, 640px\" \/><\/p>\n","protected":false},"excerpt":{"rendered":"<p>A trav\u00e9s de un recorrido guiado en el Complejo Estatal de Seguridad P\u00fablica, estudiantes de&#8230;<\/p>\n","protected":false},"author":1,"featured_media":187099,"comment_status":"closed","ping_status":"closed","sticky":false,"template":"","format":"standard","meta":{"footnotes":"","jetpack_publicize_message":"","jetpack_publicize_feature_enabled":true,"jetpack_social_post_already_shared":true,"jetpack_social_options":{"image_generator_settings":{"template":"highway","default_image_id":0,"font":"","enabled":false},"version":2}},"categories":[10],"tags":[],"class_list":["post-187094","post","type-post","status-publish","format-standard","has-post-thumbnail","hentry","category-tamaulipas"],"jetpack_publicize_connections":[],"_links":{"self":[{"href":"https:\/\/www.buroperiodistico.com.mx\/index.php?rest_route=\/wp\/v2\/posts\/187094","targetHints":{"allow":["GET"]}}],"collection":[{"href":"https:\/\/www.buroperiodistico.com.mx\/index.php?rest_route=\/wp\/v2\/posts"}],"about":[{"href":"https:\/\/www.buroperiodistico.com.mx\/index.php?rest_route=\/wp\/v2\/types\/post"}],"author":[{"embeddable":true,"href":"https:\/\/www.buroperiodistico.com.mx\/index.php?rest_route=\/wp\/v2\/users\/1"}],"replies":[{"embeddable":true,"href":"https:\/\/www.buroperiodistico.com.mx\/index.php?rest_route=%2Fwp%2Fv2%2Fcomments&post=187094"}],"version-history":[{"count":0,"href":"https:\/\/www.buroperiodistico.com.mx\/index.php?rest_route=\/wp\/v2\/posts\/187094\/revisions"}],"wp:featuredmedia":[{"embeddable":true,"href":"https:\/\/www.buroperiodistico.com.mx\/index.php?rest_route=\/wp\/v2\/media\/187099"}],"wp:attachment":[{"href":"https:\/\/www.buroperiodistico.com.mx\/index.php?rest_route=%2Fwp%2Fv2%2Fmedia&parent=187094"}],"wp:term":[{"taxonomy":"category","embeddable":true,"href":"https:\/\/www.buroperiodistico.com.mx\/index.php?rest_route=%2Fwp%2Fv2%2Fcategories&post=187094"},{"taxonomy":"post_tag","embeddable":true,"href":"https:\/\/www.buroperiodistico.com.mx\/index.php?rest_route=%2Fwp%2Fv2%2Ftags&post=187094"}],"curies":[{"name":"wp","href":"https:\/\/api.w.org\/{rel}","templated":true}]}}