{"id":187088,"date":"2025-11-10T18:21:05","date_gmt":"2025-11-11T00:21:05","guid":{"rendered":"https:\/\/www.buroperiodistico.com.mx\/?p=187088"},"modified":"2025-11-10T18:21:05","modified_gmt":"2025-11-11T00:21:05","slug":"prepara-museo-tamux-concurso-de-villancicos","status":"publish","type":"post","link":"https:\/\/www.buroperiodistico.com.mx\/?p=187088","title":{"rendered":"Prepara Museo Tamux concurso de villancicos"},"content":{"rendered":"<ul>\n<li><strong><em>Un concurso estatal para las escuelas secundarias de Tamaulipas<\/em><\/strong><\/li>\n<\/ul>\n<p><strong><img loading=\"lazy\" decoding=\"async\" class=\" wp-image-187092 alignright\" src=\"https:\/\/www.buroperiodistico.com.mx\/wp-content\/uploads\/2025\/11\/CPBvillancicos.jpeg\" alt=\"\" width=\"559\" height=\"354\" srcset=\"https:\/\/www.buroperiodistico.com.mx\/wp-content\/uploads\/2025\/11\/CPBvillancicos.jpeg 1024w, https:\/\/www.buroperiodistico.com.mx\/wp-content\/uploads\/2025\/11\/CPBvillancicos-300x190.jpeg 300w, https:\/\/www.buroperiodistico.com.mx\/wp-content\/uploads\/2025\/11\/CPBvillancicos-768x487.jpeg 768w\" sizes=\"auto, (max-width: 559px) 100vw, 559px\" \/>Ciudad Victoria, Tamaulipas (10-Noviembre-2025).-<\/strong> Eduardo Rocha Orozco, vocal de la Comisi\u00f3n de Parques y Biodiversidad de Tamaulipas (CPBT) invita a estudiantes y maestros de nivel secundaria prepararse para participar en el concurso anual de villancicos.<\/p>\n<p>Un concurso donde se califica desde interpretaci\u00f3n, vestimenta, creatividad, uso de instrumentos musicales panderos, campanillas, guitarra ac\u00fastica, entre otros m\u00e1s.<\/p>\n<p>Refiri\u00f3 que cada a\u00f1o se implementa en el Museo de Historia Natural (Tamux) el concurso que ha contado con una gran participaci\u00f3n, ya que ha crecido el n\u00famero de los estudiantes interesados en cantar.<\/p>\n<p>\u201cPor lo que est\u00e1n a buen tiempo de irse preparando para entrar, ensayar con sus compa\u00f1eros y compa\u00f1eras, este concurso ha llamado mucho la atenci\u00f3n, esperamos le guste a la gente la versi\u00f3n de este a\u00f1o\u201d, explic\u00f3 el funcionario estatal.<\/p>\n<p>\u00abEn la Comisi\u00f3n de Parques y Biodiversidad de Tamaulipas, fortalecemos la uni\u00f3n y la convivencia familiar, por medio de diversas estrategias que fortalecen el tejido social del gobierno humanista que dirige el gobernador Am\u00e9rico Villarreal Anaya\u00bb, dijo.<\/p>\n<p>Para obtener informaci\u00f3n m\u00e1s detallada sobre futuros eventos, pueden consultar las p\u00e1ginas oficiales del Gobierno de Tamaulipas o del propio Museo Tamux.<\/p>\n","protected":false},"excerpt":{"rendered":"<p>Un concurso estatal para las escuelas secundarias de Tamaulipas Ciudad Victoria, Tamaulipas (10-Noviembre-2025).- Eduardo Rocha&#8230;<\/p>\n","protected":false},"author":1,"featured_media":187092,"comment_status":"closed","ping_status":"closed","sticky":false,"template":"","format":"standard","meta":{"footnotes":"","jetpack_publicize_message":"","jetpack_publicize_feature_enabled":true,"jetpack_social_post_already_shared":true,"jetpack_social_options":{"image_generator_settings":{"template":"highway","default_image_id":0,"font":"","enabled":false},"version":2}},"categories":[10],"tags":[],"class_list":["post-187088","post","type-post","status-publish","format-standard","has-post-thumbnail","hentry","category-tamaulipas"],"jetpack_publicize_connections":[],"_links":{"self":[{"href":"https:\/\/www.buroperiodistico.com.mx\/index.php?rest_route=\/wp\/v2\/posts\/187088","targetHints":{"allow":["GET"]}}],"collection":[{"href":"https:\/\/www.buroperiodistico.com.mx\/index.php?rest_route=\/wp\/v2\/posts"}],"about":[{"href":"https:\/\/www.buroperiodistico.com.mx\/index.php?rest_route=\/wp\/v2\/types\/post"}],"author":[{"embeddable":true,"href":"https:\/\/www.buroperiodistico.com.mx\/index.php?rest_route=\/wp\/v2\/users\/1"}],"replies":[{"embeddable":true,"href":"https:\/\/www.buroperiodistico.com.mx\/index.php?rest_route=%2Fwp%2Fv2%2Fcomments&post=187088"}],"version-history":[{"count":0,"href":"https:\/\/www.buroperiodistico.com.mx\/index.php?rest_route=\/wp\/v2\/posts\/187088\/revisions"}],"wp:featuredmedia":[{"embeddable":true,"href":"https:\/\/www.buroperiodistico.com.mx\/index.php?rest_route=\/wp\/v2\/media\/187092"}],"wp:attachment":[{"href":"https:\/\/www.buroperiodistico.com.mx\/index.php?rest_route=%2Fwp%2Fv2%2Fmedia&parent=187088"}],"wp:term":[{"taxonomy":"category","embeddable":true,"href":"https:\/\/www.buroperiodistico.com.mx\/index.php?rest_route=%2Fwp%2Fv2%2Fcategories&post=187088"},{"taxonomy":"post_tag","embeddable":true,"href":"https:\/\/www.buroperiodistico.com.mx\/index.php?rest_route=%2Fwp%2Fv2%2Ftags&post=187088"}],"curies":[{"name":"wp","href":"https:\/\/api.w.org\/{rel}","templated":true}]}}