{"id":187086,"date":"2025-11-10T18:11:24","date_gmt":"2025-11-11T00:11:24","guid":{"rendered":"https:\/\/www.buroperiodistico.com.mx\/?p=187086"},"modified":"2025-11-10T18:11:24","modified_gmt":"2025-11-11T00:11:24","slug":"de-primerala-dama-de-la-noticia-por-arabela-garcia-28","status":"publish","type":"post","link":"https:\/\/www.buroperiodistico.com.mx\/?p=187086","title":{"rendered":"DE PRIMERA\u2026LA DAMA DE LA NOTICIA\/ POR ARABELA GARCIA"},"content":{"rendered":"<ul>\n<li><strong><em>Columna de Opini\u00f3n: La Il\u00edada de los Adelantados<\/em><\/strong><\/li>\n<li><strong><em>\u00bfTrabajo o Grilla? La Farsa del 2027 y la Danza de los Millones<\/em><\/strong><\/li>\n<\/ul>\n<p><em><strong>(10-Noviembre-2025).-<\/strong><\/em> \u00a1Que alguien les avise a los partidos que el calendario marca 2025, no 2027! Y, sobre todo, que trabajo mata grilla, pero aqu\u00ed parece que la grilla mata hasta la verg\u00fcenza.<\/p>\n<p>Mientras el pa\u00eds sigue con pendientes hasta el techo, la clase pol\u00edtica ya anda en la pasarela, empoderada y sinti\u00e9ndose due\u00f1a del pastel, decidiendo \u00abirse solos\u00bb a la elecci\u00f3n. Ojal\u00e1 ese \u00abempoderamiento\u00bb lo usaran para pavimentar calles, no para pavimentar su camino al poder.<\/p>\n<p>Mire usted el caso de Nuevo Le\u00f3n, donde el senador Waldo Fern\u00e1ndez Gonz\u00e1lez (s\u00ed, el de la coalici\u00f3n ganadora de 2024 que no figura en los tacos m\u00e1s famosos de Monterrey) ya es \u00abcandidato\u00bb a gobernador. \u00bfQui\u00e9n lo dice? Ni m\u00e1s ni menos que Manuel Velasco, el \u00abNi\u00f1o Verde\u00bb, quien maneja su partido como si fuera su rancho particular.<\/p>\n<p>Aqu\u00ed el pueblo regio, que s\u00ed se levanta a chambear y a buscarle, se pregunta: \u00bfY el trabajo del senador, d\u00f3nde qued\u00f3? Porque el CV nos dice que ha vivido de puesto en puesto desde 2001, saltando de una curul a una subsecretar\u00eda, pero en el d\u00eda a d\u00eda, ni sus luces. En tierra de emprendedores, la falta de resultados se nota a leguas.<\/p>\n<p>La mano del Verde se mueve en todo el pa\u00eds. En Tamaulipas, Manuel Mu\u00f1oz retoma el liderazgo, un l\u00edder \u00abjugado\u00bb que huele a gato encerrado y a negociaci\u00f3n turbia bajo la mesa. Este s\u00fabito empoderamiento verde, tan despegado de la realidad local (\u00a1en Matamoros ni pintan un \u00e1rbol!), nos hace pensar que no es amor al trabajo, sino una jugada de ajedrez nacional.<\/p>\n<p>La Ruta del Dinero, V\u00eda Islas Caim\u00e1n<\/p>\n<p>El INE ya anda sacando la calculadora para el 2026 y 2027, preparando la danza de los millones presupuestales. Millones que salen del bolsillo del pueblo y que, sospechosamente, terminan tomando un vuelo sin retorno.<\/p>\n<p>Seamos claros: una buena parte de ese dinero se convierte en una de las \u00abmil y una fugas\u00bb que van directo a cuentas en las Islas Caim\u00e1n o en esos para\u00edsos fiscales donde nadie ve nada, nadie dice nada y, lo m\u00e1s indignante, nadie condena a los responsables. Se llenan la boca con la bandera de la honestidad, pero el pastel del presupuesto electoral sigue siendo la ruta m\u00e1s r\u00e1pida para las cuentas offshore.<\/p>\n<p>El Contraste: Entre la Obra y el &#8216;Ni\u00f1o Verde&#8217;<\/p>\n<p>Pero para que no digan que todo es cr\u00edtica, ah\u00ed est\u00e1 el contraste: en Nuevo Laredo, la alcaldesa Carmen Lilia Canturosas s\u00ed que anda aplicada. Con presupuesto para el Tren y otros proyectos, la ciudad se perfila bien, y su nombre suena fuerte para el 2027. \u00a1Bien por la gesti\u00f3n! Sin embargo, el<\/p>\n<p>gato encerrado nunca falta: el hermano Carlos Canturosas tambi\u00e9n est\u00e1 en la banca, esperando el turno familiar. Al final, el trabajo de uno parece ser la alfombra roja del otro.<\/p>\n<p>Y si el Verde anda mal en Matamoros, ni hablemos del PRI local. El trabajo del partido se resume en un pobre esfuerzo de \u00ablimpieza\u00bb que huele m\u00e1s a foto de campa\u00f1a que a servicio real. Con una mano se toman la selfie recogiendo basura y con la otra se reparten los puestos, demostrando que su prioridad no es la calle, sino la silla.<\/p>\n<p>Dejen de pasearse. Dejen de hacer cuentas. P\u00f3nganse a trabajar. Porque al pueblo ya no le da asco la pol\u00edtica, le da rabia y huele a robo.<\/p>\n<p>SUGERENCIAS Y COMENTARIOS arabelagarcia01@hotmail.com<\/p>\n","protected":false},"excerpt":{"rendered":"<p>Columna de Opini\u00f3n: La Il\u00edada de los Adelantados \u00bfTrabajo o Grilla? La Farsa del 2027&#8230;<\/p>\n","protected":false},"author":1,"featured_media":149592,"comment_status":"closed","ping_status":"closed","sticky":false,"template":"","format":"standard","meta":{"footnotes":"","jetpack_publicize_message":"","jetpack_publicize_feature_enabled":true,"jetpack_social_post_already_shared":true,"jetpack_social_options":{"image_generator_settings":{"template":"highway","default_image_id":0,"font":"","enabled":false},"version":2}},"categories":[23],"tags":[],"class_list":["post-187086","post","type-post","status-publish","format-standard","has-post-thumbnail","hentry","category-columnas"],"jetpack_publicize_connections":[],"_links":{"self":[{"href":"https:\/\/www.buroperiodistico.com.mx\/index.php?rest_route=\/wp\/v2\/posts\/187086","targetHints":{"allow":["GET"]}}],"collection":[{"href":"https:\/\/www.buroperiodistico.com.mx\/index.php?rest_route=\/wp\/v2\/posts"}],"about":[{"href":"https:\/\/www.buroperiodistico.com.mx\/index.php?rest_route=\/wp\/v2\/types\/post"}],"author":[{"embeddable":true,"href":"https:\/\/www.buroperiodistico.com.mx\/index.php?rest_route=\/wp\/v2\/users\/1"}],"replies":[{"embeddable":true,"href":"https:\/\/www.buroperiodistico.com.mx\/index.php?rest_route=%2Fwp%2Fv2%2Fcomments&post=187086"}],"version-history":[{"count":0,"href":"https:\/\/www.buroperiodistico.com.mx\/index.php?rest_route=\/wp\/v2\/posts\/187086\/revisions"}],"wp:featuredmedia":[{"embeddable":true,"href":"https:\/\/www.buroperiodistico.com.mx\/index.php?rest_route=\/wp\/v2\/media\/149592"}],"wp:attachment":[{"href":"https:\/\/www.buroperiodistico.com.mx\/index.php?rest_route=%2Fwp%2Fv2%2Fmedia&parent=187086"}],"wp:term":[{"taxonomy":"category","embeddable":true,"href":"https:\/\/www.buroperiodistico.com.mx\/index.php?rest_route=%2Fwp%2Fv2%2Fcategories&post=187086"},{"taxonomy":"post_tag","embeddable":true,"href":"https:\/\/www.buroperiodistico.com.mx\/index.php?rest_route=%2Fwp%2Fv2%2Ftags&post=187086"}],"curies":[{"name":"wp","href":"https:\/\/api.w.org\/{rel}","templated":true}]}}