{"id":187081,"date":"2025-11-10T18:09:29","date_gmt":"2025-11-11T00:09:29","guid":{"rendered":"https:\/\/www.buroperiodistico.com.mx\/?p=187081"},"modified":"2025-11-10T18:09:29","modified_gmt":"2025-11-11T00:09:29","slug":"participa-alumno-de-la-uttn-en-programa-espacial-de-la-nasa","status":"publish","type":"post","link":"https:\/\/www.buroperiodistico.com.mx\/?p=187081","title":{"rendered":"Participa alumno de la UTTN en Programa Espacial de la NASA"},"content":{"rendered":"<ul>\n<li><strong><em>Jes\u00fas Sebasti\u00e1n Moreno Garc\u00eda fue seleccionado para formar parte del International Air and Space Program (IASP) 2025, que se lleva a cabo del 8 al 14 de noviembre en Houston, Texas.<\/em><\/strong><\/li>\n<\/ul>\n<p><strong><img loading=\"lazy\" decoding=\"async\" class=\" wp-image-187084 alignright\" src=\"https:\/\/www.buroperiodistico.com.mx\/wp-content\/uploads\/2025\/11\/UTX.jpeg\" alt=\"\" width=\"535\" height=\"332\" srcset=\"https:\/\/www.buroperiodistico.com.mx\/wp-content\/uploads\/2025\/11\/UTX.jpeg 1024w, https:\/\/www.buroperiodistico.com.mx\/wp-content\/uploads\/2025\/11\/UTX-300x186.jpeg 300w, https:\/\/www.buroperiodistico.com.mx\/wp-content\/uploads\/2025\/11\/UTX-768x477.jpeg 768w\" sizes=\"auto, (max-width: 535px) 100vw, 535px\" \/>Reynosa, Tamaulipas (10-Noviembre-2025).-<\/strong> Jes\u00fas Sebasti\u00e1n Moreno Garc\u00eda, alumno de la Universidad Tecnol\u00f3gica de Tamaulipas Norte (UTTN), que dirige el Rector Mtro. Edgar Garza Hern\u00e1ndez, fue seleccionado para participar en el Programa Espacial de la NASA, una experiencia de alto nivel acad\u00e9mico e internacional.<\/p>\n<p>Moreno Garc\u00eda, estudiante del Sexto Cuatrimestre de la Ingenier\u00eda en Procesos Industriales, \u00e1rea Manufactura, formar\u00e1 parte del International Air and Space Program (IASP) 2025, organizado por AEXA Aerospace, el cual se desarrolla en las instalaciones de la NASA en Houston, Texas, del 8 al 14 de noviembre.<\/p>\n<p>El Programa Internacional del Aire y el Espacio (IASP) es una iniciativa educativa que busca impulsar a los l\u00edderes del ma\u00f1ana en las \u00e1reas de Ciencia, Tecnolog\u00eda, Ingenier\u00eda y Matem\u00e1ticas (STEM). AEXA ofrece a los participantes una experiencia pr\u00e1ctica \u00fanica, acerc\u00e1ndolos al mundo de la ingenier\u00eda espacial, la aeron\u00e1utica y la investigaci\u00f3n cient\u00edfica.<\/p>\n<p>El Rector de la UTTN, Mtro. Edgar Garza Hern\u00e1ndez, felicit\u00f3 al estudiante Jes\u00fas Sebasti\u00e1n Moreno Garc\u00eda por su destacada participaci\u00f3n y por haber sido seleccionado en este importante programa. Asimismo, lo exhort\u00f3 a continuar involucr\u00e1ndose en este tipo de iniciativas y a aprovechar al m\u00e1ximo esta valiosa oportunidad para fortalecer su formaci\u00f3n profesional.<\/p>\n<p>Esta experiencia refleja el talento, la dedicaci\u00f3n y la innovaci\u00f3n de la comunidad universitaria de la UTTN en sinton\u00eda con la visi\u00f3n educativa que impulsa el Gobernador, Dr. Am\u00e9rico Villarreal Anaya, a trav\u00e9s de la Secretar\u00eda de Educaci\u00f3n, a cargo del Dr. Miguel \u00c1ngel Valdez Garc\u00eda, orientada a fortalecer el desarrollo cient\u00edfico y tecnol\u00f3gico en Tamaulipas.<\/p>\n<p><img loading=\"lazy\" decoding=\"async\" class=\"aligncenter size-full wp-image-187082\" src=\"https:\/\/www.buroperiodistico.com.mx\/wp-content\/uploads\/2025\/11\/UTX-I.jpeg\" alt=\"\" width=\"640\" height=\"426\" srcset=\"https:\/\/www.buroperiodistico.com.mx\/wp-content\/uploads\/2025\/11\/UTX-I.jpeg 640w, https:\/\/www.buroperiodistico.com.mx\/wp-content\/uploads\/2025\/11\/UTX-I-300x200.jpeg 300w\" sizes=\"auto, (max-width: 640px) 100vw, 640px\" \/> <img loading=\"lazy\" decoding=\"async\" class=\"aligncenter size-full wp-image-187083\" src=\"https:\/\/www.buroperiodistico.com.mx\/wp-content\/uploads\/2025\/11\/UTX-II.jpeg\" alt=\"\" width=\"601\" height=\"480\" srcset=\"https:\/\/www.buroperiodistico.com.mx\/wp-content\/uploads\/2025\/11\/UTX-II.jpeg 601w, https:\/\/www.buroperiodistico.com.mx\/wp-content\/uploads\/2025\/11\/UTX-II-300x240.jpeg 300w\" sizes=\"auto, (max-width: 601px) 100vw, 601px\" \/><\/p>\n","protected":false},"excerpt":{"rendered":"<p>Jes\u00fas Sebasti\u00e1n Moreno Garc\u00eda fue seleccionado para formar parte del International Air and Space Program&#8230;<\/p>\n","protected":false},"author":1,"featured_media":187084,"comment_status":"closed","ping_status":"closed","sticky":false,"template":"","format":"standard","meta":{"footnotes":"","jetpack_publicize_message":"","jetpack_publicize_feature_enabled":true,"jetpack_social_post_already_shared":true,"jetpack_social_options":{"image_generator_settings":{"template":"highway","default_image_id":0,"font":"","enabled":false},"version":2}},"categories":[10],"tags":[],"class_list":["post-187081","post","type-post","status-publish","format-standard","has-post-thumbnail","hentry","category-tamaulipas"],"jetpack_publicize_connections":[],"_links":{"self":[{"href":"https:\/\/www.buroperiodistico.com.mx\/index.php?rest_route=\/wp\/v2\/posts\/187081","targetHints":{"allow":["GET"]}}],"collection":[{"href":"https:\/\/www.buroperiodistico.com.mx\/index.php?rest_route=\/wp\/v2\/posts"}],"about":[{"href":"https:\/\/www.buroperiodistico.com.mx\/index.php?rest_route=\/wp\/v2\/types\/post"}],"author":[{"embeddable":true,"href":"https:\/\/www.buroperiodistico.com.mx\/index.php?rest_route=\/wp\/v2\/users\/1"}],"replies":[{"embeddable":true,"href":"https:\/\/www.buroperiodistico.com.mx\/index.php?rest_route=%2Fwp%2Fv2%2Fcomments&post=187081"}],"version-history":[{"count":0,"href":"https:\/\/www.buroperiodistico.com.mx\/index.php?rest_route=\/wp\/v2\/posts\/187081\/revisions"}],"wp:featuredmedia":[{"embeddable":true,"href":"https:\/\/www.buroperiodistico.com.mx\/index.php?rest_route=\/wp\/v2\/media\/187084"}],"wp:attachment":[{"href":"https:\/\/www.buroperiodistico.com.mx\/index.php?rest_route=%2Fwp%2Fv2%2Fmedia&parent=187081"}],"wp:term":[{"taxonomy":"category","embeddable":true,"href":"https:\/\/www.buroperiodistico.com.mx\/index.php?rest_route=%2Fwp%2Fv2%2Fcategories&post=187081"},{"taxonomy":"post_tag","embeddable":true,"href":"https:\/\/www.buroperiodistico.com.mx\/index.php?rest_route=%2Fwp%2Fv2%2Ftags&post=187081"}],"curies":[{"name":"wp","href":"https:\/\/api.w.org\/{rel}","templated":true}]}}