{"id":187078,"date":"2025-11-10T16:25:58","date_gmt":"2025-11-10T22:25:58","guid":{"rendered":"https:\/\/www.buroperiodistico.com.mx\/?p=187078"},"modified":"2025-11-10T16:25:58","modified_gmt":"2025-11-10T22:25:58","slug":"reconocio-canaco-reynosa-al-presidente-carlos-pena-ortiz-por-apoyar-economia-familiar-y-comercio-local","status":"publish","type":"post","link":"https:\/\/www.buroperiodistico.com.mx\/?p=187078","title":{"rendered":"Reconoci\u00f3 CANACO-Reynosa al Presidente Carlos Pe\u00f1a Ortiz por apoyar econom\u00eda familiar y comercio local"},"content":{"rendered":"<p><em><strong><img loading=\"lazy\" decoding=\"async\" class=\" wp-image-187079 alignright\" src=\"https:\/\/www.buroperiodistico.com.mx\/wp-content\/uploads\/2025\/11\/Canax.jpeg\" alt=\"\" width=\"581\" height=\"356\" srcset=\"https:\/\/www.buroperiodistico.com.mx\/wp-content\/uploads\/2025\/11\/Canax.jpeg 1024w, https:\/\/www.buroperiodistico.com.mx\/wp-content\/uploads\/2025\/11\/Canax-300x184.jpeg 300w, https:\/\/www.buroperiodistico.com.mx\/wp-content\/uploads\/2025\/11\/Canax-768x470.jpeg 768w\" sizes=\"auto, (max-width: 581px) 100vw, 581px\" \/>Reynosa, Tam (10-Noviembre-2025).-<\/strong><\/em> El Presidente Municipal Carlos Pe\u00f1a Ortiz recibi\u00f3 un reconocimiento por parte del comercio organizado de la ciudad, el cual le fue entregado por el l\u00edder de la CANACO Servytur Reynosa, Gildardo L\u00f3pez Hinojosa, por el \u00e9xito y beneficio logrados en la Feria de Regreso a Clases 2025 que gener\u00f3 beneficios en una econom\u00eda circular.<\/p>\n<p>\u00abEn reuni\u00f3n de trabajo, recib\u00ed a la directiva del organismo, a quienes agradezco el reconocimiento que se me entreg\u00f3 por la Feria Regres\u00f3 a Clases, un espacio que permiti\u00f3 importantes ahorros a los padres de familia adem\u00e1s de impulsar a los emprendedores locales y fortalecer la econom\u00eda de nuestros negocios\u00bb, asegur\u00f3 el Alcalde.<\/p>\n<p>La colaboraci\u00f3n entre las autoridades municipales y la C\u00e1mara Nacional de Comercio, CANACO, es fundamental para lograr acuerdos a favor de los padres de familia como en la Feria de Regreso a Clases que permiti\u00f3 ofrecer descuentos de hasta el 50% en productos escolares, as\u00ed como servicios gratuitos como cortes de cabello y ex\u00e1menes de la vista.<\/p>\n<p>#ReynosaImparable<br \/>\n#GobiernoMunicipalDeReynosa<\/p>\n","protected":false},"excerpt":{"rendered":"<p>Reynosa, Tam (10-Noviembre-2025).- El Presidente Municipal Carlos Pe\u00f1a Ortiz recibi\u00f3 un reconocimiento por parte del&#8230;<\/p>\n","protected":false},"author":1,"featured_media":187079,"comment_status":"closed","ping_status":"closed","sticky":false,"template":"","format":"standard","meta":{"footnotes":"","jetpack_publicize_message":"","jetpack_publicize_feature_enabled":true,"jetpack_social_post_already_shared":true,"jetpack_social_options":{"image_generator_settings":{"template":"highway","default_image_id":0,"font":"","enabled":false},"version":2}},"categories":[9],"tags":[],"class_list":["post-187078","post","type-post","status-publish","format-standard","has-post-thumbnail","hentry","category-reynosa"],"jetpack_publicize_connections":[],"_links":{"self":[{"href":"https:\/\/www.buroperiodistico.com.mx\/index.php?rest_route=\/wp\/v2\/posts\/187078","targetHints":{"allow":["GET"]}}],"collection":[{"href":"https:\/\/www.buroperiodistico.com.mx\/index.php?rest_route=\/wp\/v2\/posts"}],"about":[{"href":"https:\/\/www.buroperiodistico.com.mx\/index.php?rest_route=\/wp\/v2\/types\/post"}],"author":[{"embeddable":true,"href":"https:\/\/www.buroperiodistico.com.mx\/index.php?rest_route=\/wp\/v2\/users\/1"}],"replies":[{"embeddable":true,"href":"https:\/\/www.buroperiodistico.com.mx\/index.php?rest_route=%2Fwp%2Fv2%2Fcomments&post=187078"}],"version-history":[{"count":0,"href":"https:\/\/www.buroperiodistico.com.mx\/index.php?rest_route=\/wp\/v2\/posts\/187078\/revisions"}],"wp:featuredmedia":[{"embeddable":true,"href":"https:\/\/www.buroperiodistico.com.mx\/index.php?rest_route=\/wp\/v2\/media\/187079"}],"wp:attachment":[{"href":"https:\/\/www.buroperiodistico.com.mx\/index.php?rest_route=%2Fwp%2Fv2%2Fmedia&parent=187078"}],"wp:term":[{"taxonomy":"category","embeddable":true,"href":"https:\/\/www.buroperiodistico.com.mx\/index.php?rest_route=%2Fwp%2Fv2%2Fcategories&post=187078"},{"taxonomy":"post_tag","embeddable":true,"href":"https:\/\/www.buroperiodistico.com.mx\/index.php?rest_route=%2Fwp%2Fv2%2Ftags&post=187078"}],"curies":[{"name":"wp","href":"https:\/\/api.w.org\/{rel}","templated":true}]}}