{"id":187056,"date":"2025-11-10T15:48:52","date_gmt":"2025-11-10T21:48:52","guid":{"rendered":"https:\/\/www.buroperiodistico.com.mx\/?p=187056"},"modified":"2025-11-10T15:48:52","modified_gmt":"2025-11-10T21:48:52","slug":"con-exito-se-lleva-a-cabo-el-desfile-cinegetico-2025-en-nuevo-laredo","status":"publish","type":"post","link":"https:\/\/www.buroperiodistico.com.mx\/?p=187056","title":{"rendered":"CON \u00c9XITO SE LLEVA A CABO EL DESFILE CINEG\u00c9TICO 2025 EN NUEVO LAREDO"},"content":{"rendered":"<p dir=\"ltr\"><em><strong><img loading=\"lazy\" decoding=\"async\" class=\" wp-image-187061 alignright\" src=\"https:\/\/www.buroperiodistico.com.mx\/wp-content\/uploads\/2025\/11\/DESFILE-CINEGETICO-1.jpg\" alt=\"\" width=\"568\" height=\"363\" srcset=\"https:\/\/www.buroperiodistico.com.mx\/wp-content\/uploads\/2025\/11\/DESFILE-CINEGETICO-1.jpg 1024w, https:\/\/www.buroperiodistico.com.mx\/wp-content\/uploads\/2025\/11\/DESFILE-CINEGETICO-1-300x192.jpg 300w, https:\/\/www.buroperiodistico.com.mx\/wp-content\/uploads\/2025\/11\/DESFILE-CINEGETICO-1-768x491.jpg 768w\" sizes=\"auto, (max-width: 568px) 100vw, 568px\" \/>Nuevo Laredo, Tam (10-Noviembre-2025).-<\/strong><\/em> El Desfile Cineg\u00e9tico 2025 se llev\u00f3 a cabo con gran \u00e9xito en Nuevo Laredo, marcando de manera oficial el inicio de la temporada de caza 2025\u20132026 en la regi\u00f3n.<\/p>\n<p dir=\"ltr\">Familias, asociaciones y clubes cineg\u00e9ticos, a bordo de veh\u00edculos todo terreno, parapetos, camuflaje y trofeos de temporadas anteriores,\u00a0 se reunieron para celebrar esta tradici\u00f3n que combina turismo, convivencia y orgullo por las ra\u00edces del norte del pa\u00eds.<\/p>\n<p dir=\"ltr\">El evento, organizado por el Gobierno Municipal a trav\u00e9s de la Secretar\u00eda de Desarrollo Econ\u00f3mico y la Direcci\u00f3n de Turismo, cont\u00f3 con la participaci\u00f3n de la Asociaci\u00f3n Nacional de Ganaderos Diversificados y Clubes Cineg\u00e9ticos, quienes a\u00f1o con a\u00f1o impulsan esta importante actividad que fortalece la econom\u00eda local y promueve a Nuevo Laredo como referente del turismo cineg\u00e9tico en M\u00e9xico.<\/p>\n<p dir=\"ltr\">El recorrido inici\u00f3 en la Explanada de la Independencia, en la Plaza Hidalgo, y culmin\u00f3 en Las Palapas del CIITEV, donde los asistentes disfrutaron de una tarde llena de ambiente familiar, m\u00fasica, premios y reconocimientos.<\/p>\n<p dir=\"ltr\">Durante la jornada se destac\u00f3 el entusiasmo de los participantes, quienes engalanaron las calles con sus veh\u00edculos equipados para esta actividad, as\u00ed como sus atuendos camuflados.<\/p>\n<p dir=\"ltr\">Con este desfile, el Gobierno Municipal refrenda su compromiso de seguir impulsando actividades que promuevan la convivencia, la identidad fronteriza y el desarrollo econ\u00f3mico a trav\u00e9s del turismo. La edici\u00f3n 2025 del Desfile Cineg\u00e9tico se consolid\u00f3 como una verdadera fiesta de tradici\u00f3n, orgullo y unidad para todos los neolaredenses.<\/p>\n<p dir=\"ltr\"><img loading=\"lazy\" decoding=\"async\" class=\"aligncenter size-full wp-image-187057\" src=\"https:\/\/www.buroperiodistico.com.mx\/wp-content\/uploads\/2025\/11\/DESFILE-CINEGETICO-I-1.jpg\" alt=\"\" width=\"640\" height=\"428\" srcset=\"https:\/\/www.buroperiodistico.com.mx\/wp-content\/uploads\/2025\/11\/DESFILE-CINEGETICO-I-1.jpg 640w, https:\/\/www.buroperiodistico.com.mx\/wp-content\/uploads\/2025\/11\/DESFILE-CINEGETICO-I-1-300x201.jpg 300w\" sizes=\"auto, (max-width: 640px) 100vw, 640px\" \/> <img loading=\"lazy\" decoding=\"async\" class=\"aligncenter size-full wp-image-187060\" src=\"https:\/\/www.buroperiodistico.com.mx\/wp-content\/uploads\/2025\/11\/DESFILE-CINEGETICO-IIII.jpg\" alt=\"\" width=\"640\" height=\"428\" srcset=\"https:\/\/www.buroperiodistico.com.mx\/wp-content\/uploads\/2025\/11\/DESFILE-CINEGETICO-IIII.jpg 640w, https:\/\/www.buroperiodistico.com.mx\/wp-content\/uploads\/2025\/11\/DESFILE-CINEGETICO-IIII-300x201.jpg 300w\" sizes=\"auto, (max-width: 640px) 100vw, 640px\" \/> <img loading=\"lazy\" decoding=\"async\" class=\"aligncenter size-full wp-image-187059\" src=\"https:\/\/www.buroperiodistico.com.mx\/wp-content\/uploads\/2025\/11\/DESFILE-CINEGETICO-III.jpg\" alt=\"\" width=\"640\" height=\"428\" srcset=\"https:\/\/www.buroperiodistico.com.mx\/wp-content\/uploads\/2025\/11\/DESFILE-CINEGETICO-III.jpg 640w, https:\/\/www.buroperiodistico.com.mx\/wp-content\/uploads\/2025\/11\/DESFILE-CINEGETICO-III-300x201.jpg 300w\" sizes=\"auto, (max-width: 640px) 100vw, 640px\" \/> <img loading=\"lazy\" decoding=\"async\" class=\"aligncenter size-full wp-image-187058\" src=\"https:\/\/www.buroperiodistico.com.mx\/wp-content\/uploads\/2025\/11\/DESFILE-CINEGETICO-II-1.jpg\" alt=\"\" width=\"640\" height=\"428\" srcset=\"https:\/\/www.buroperiodistico.com.mx\/wp-content\/uploads\/2025\/11\/DESFILE-CINEGETICO-II-1.jpg 640w, https:\/\/www.buroperiodistico.com.mx\/wp-content\/uploads\/2025\/11\/DESFILE-CINEGETICO-II-1-300x201.jpg 300w\" sizes=\"auto, (max-width: 640px) 100vw, 640px\" \/><\/p>\n","protected":false},"excerpt":{"rendered":"<p>Nuevo Laredo, Tam (10-Noviembre-2025).- El Desfile Cineg\u00e9tico 2025 se llev\u00f3 a cabo con gran \u00e9xito&#8230;<\/p>\n","protected":false},"author":1,"featured_media":187061,"comment_status":"closed","ping_status":"closed","sticky":false,"template":"","format":"standard","meta":{"footnotes":"","jetpack_publicize_message":"","jetpack_publicize_feature_enabled":true,"jetpack_social_post_already_shared":true,"jetpack_social_options":{"image_generator_settings":{"template":"highway","default_image_id":0,"font":"","enabled":false},"version":2}},"categories":[16],"tags":[],"class_list":["post-187056","post","type-post","status-publish","format-standard","has-post-thumbnail","hentry","category-nuevolaredo"],"jetpack_publicize_connections":[],"_links":{"self":[{"href":"https:\/\/www.buroperiodistico.com.mx\/index.php?rest_route=\/wp\/v2\/posts\/187056","targetHints":{"allow":["GET"]}}],"collection":[{"href":"https:\/\/www.buroperiodistico.com.mx\/index.php?rest_route=\/wp\/v2\/posts"}],"about":[{"href":"https:\/\/www.buroperiodistico.com.mx\/index.php?rest_route=\/wp\/v2\/types\/post"}],"author":[{"embeddable":true,"href":"https:\/\/www.buroperiodistico.com.mx\/index.php?rest_route=\/wp\/v2\/users\/1"}],"replies":[{"embeddable":true,"href":"https:\/\/www.buroperiodistico.com.mx\/index.php?rest_route=%2Fwp%2Fv2%2Fcomments&post=187056"}],"version-history":[{"count":0,"href":"https:\/\/www.buroperiodistico.com.mx\/index.php?rest_route=\/wp\/v2\/posts\/187056\/revisions"}],"wp:featuredmedia":[{"embeddable":true,"href":"https:\/\/www.buroperiodistico.com.mx\/index.php?rest_route=\/wp\/v2\/media\/187061"}],"wp:attachment":[{"href":"https:\/\/www.buroperiodistico.com.mx\/index.php?rest_route=%2Fwp%2Fv2%2Fmedia&parent=187056"}],"wp:term":[{"taxonomy":"category","embeddable":true,"href":"https:\/\/www.buroperiodistico.com.mx\/index.php?rest_route=%2Fwp%2Fv2%2Fcategories&post=187056"},{"taxonomy":"post_tag","embeddable":true,"href":"https:\/\/www.buroperiodistico.com.mx\/index.php?rest_route=%2Fwp%2Fv2%2Ftags&post=187056"}],"curies":[{"name":"wp","href":"https:\/\/api.w.org\/{rel}","templated":true}]}}