{"id":187052,"date":"2025-11-10T15:45:23","date_gmt":"2025-11-10T21:45:23","guid":{"rendered":"https:\/\/www.buroperiodistico.com.mx\/?p=187052"},"modified":"2025-11-10T15:45:23","modified_gmt":"2025-11-10T21:45:23","slug":"invitan-a-mujeres-de-nuevo-laredo-a-clase-de-pilates-como-parte-de-la-cartelera-naranja-de-inmujer","status":"publish","type":"post","link":"https:\/\/www.buroperiodistico.com.mx\/?p=187052","title":{"rendered":"INVITAN A MUJERES DE NUEVO LAREDO A CLASE DE PILATES COMO PARTE DE LA CARTELERA NARANJA DE INMUJER"},"content":{"rendered":"<p dir=\"ltr\"><em><strong><img loading=\"lazy\" decoding=\"async\" class=\"size-full wp-image-187053 alignright\" src=\"https:\/\/www.buroperiodistico.com.mx\/wp-content\/uploads\/2025\/11\/CLasex-I.jpg\" alt=\"\" width=\"483\" height=\"480\" srcset=\"https:\/\/www.buroperiodistico.com.mx\/wp-content\/uploads\/2025\/11\/CLasex-I.jpg 483w, https:\/\/www.buroperiodistico.com.mx\/wp-content\/uploads\/2025\/11\/CLasex-I-300x298.jpg 300w, https:\/\/www.buroperiodistico.com.mx\/wp-content\/uploads\/2025\/11\/CLasex-I-150x150.jpg 150w\" sizes=\"auto, (max-width: 483px) 100vw, 483px\" \/>Nuevo Laredo, Tam (10-Noviembre-2025).-<\/strong><\/em> El Gobierno Municipal de Nuevo Laredo, a trav\u00e9s del Instituto Municipal de la Mujer (INMUJER), invita a todas las mujeres de la ciudad a participar en la clase de pilates que forma parte de las actividades de la Cartelera Naranja, una serie de eventos dedicados a promover el bienestar, la salud y el empoderamiento femenino.<\/p>\n<p dir=\"ltr\">La sesi\u00f3n estar\u00e1 a cargo de Astrid Torres, del Wellness Club, y se llevar\u00e1 a cabo el jueves 13 de noviembre a las 9:00 de la ma\u00f1ana en el Sal\u00f3n Palabra de Mujer del INMUJER, ubicado en Orizaba #3829, colonia M\u00e9xico.<\/p>\n<p dir=\"ltr\">Esta actividad deportiva busca fomentar el autocuidado f\u00edsico y emocional de las mujeres, adem\u00e1s de ofrecer un espacio de convivencia y fortalecimiento comunitario.<\/p>\n<p dir=\"ltr\">Para m\u00e1s informaci\u00f3n, las interesadas pueden comunicarse al tel\u00e9fono (867) 117 12 41.<\/p>\n<p dir=\"ltr\">Con este tipo de acciones, el Gobierno Municipal reafirma su compromiso de impulsar pol\u00edticas p\u00fablicas con perspectiva de g\u00e9nero y de generar entornos seguros y saludables para todas las mujeres de Nuevo Laredo.<\/p>\n","protected":false},"excerpt":{"rendered":"<p>Nuevo Laredo, Tam (10-Noviembre-2025).- El Gobierno Municipal de Nuevo Laredo, a trav\u00e9s del Instituto Municipal&#8230;<\/p>\n","protected":false},"author":1,"featured_media":187054,"comment_status":"closed","ping_status":"closed","sticky":false,"template":"","format":"standard","meta":{"footnotes":"","jetpack_publicize_message":"","jetpack_publicize_feature_enabled":true,"jetpack_social_post_already_shared":true,"jetpack_social_options":{"image_generator_settings":{"template":"highway","default_image_id":0,"font":"","enabled":false},"version":2}},"categories":[16],"tags":[],"class_list":["post-187052","post","type-post","status-publish","format-standard","has-post-thumbnail","hentry","category-nuevolaredo"],"jetpack_publicize_connections":[],"_links":{"self":[{"href":"https:\/\/www.buroperiodistico.com.mx\/index.php?rest_route=\/wp\/v2\/posts\/187052","targetHints":{"allow":["GET"]}}],"collection":[{"href":"https:\/\/www.buroperiodistico.com.mx\/index.php?rest_route=\/wp\/v2\/posts"}],"about":[{"href":"https:\/\/www.buroperiodistico.com.mx\/index.php?rest_route=\/wp\/v2\/types\/post"}],"author":[{"embeddable":true,"href":"https:\/\/www.buroperiodistico.com.mx\/index.php?rest_route=\/wp\/v2\/users\/1"}],"replies":[{"embeddable":true,"href":"https:\/\/www.buroperiodistico.com.mx\/index.php?rest_route=%2Fwp%2Fv2%2Fcomments&post=187052"}],"version-history":[{"count":0,"href":"https:\/\/www.buroperiodistico.com.mx\/index.php?rest_route=\/wp\/v2\/posts\/187052\/revisions"}],"wp:featuredmedia":[{"embeddable":true,"href":"https:\/\/www.buroperiodistico.com.mx\/index.php?rest_route=\/wp\/v2\/media\/187054"}],"wp:attachment":[{"href":"https:\/\/www.buroperiodistico.com.mx\/index.php?rest_route=%2Fwp%2Fv2%2Fmedia&parent=187052"}],"wp:term":[{"taxonomy":"category","embeddable":true,"href":"https:\/\/www.buroperiodistico.com.mx\/index.php?rest_route=%2Fwp%2Fv2%2Fcategories&post=187052"},{"taxonomy":"post_tag","embeddable":true,"href":"https:\/\/www.buroperiodistico.com.mx\/index.php?rest_route=%2Fwp%2Fv2%2Ftags&post=187052"}],"curies":[{"name":"wp","href":"https:\/\/api.w.org\/{rel}","templated":true}]}}