{"id":187044,"date":"2025-11-10T15:39:31","date_gmt":"2025-11-10T21:39:31","guid":{"rendered":"https:\/\/www.buroperiodistico.com.mx\/?p=187044"},"modified":"2025-11-10T15:39:31","modified_gmt":"2025-11-10T21:39:31","slug":"recomienda-sst-protegerse-de-las-bajas-temperaturas-2","status":"publish","type":"post","link":"https:\/\/www.buroperiodistico.com.mx\/?p=187044","title":{"rendered":"Recomienda SST protegerse de las bajas temperaturas"},"content":{"rendered":"<p><em><strong><img loading=\"lazy\" decoding=\"async\" class=\" wp-image-187045 alignright\" src=\"https:\/\/www.buroperiodistico.com.mx\/wp-content\/uploads\/2025\/11\/EntrevistaSST.jpeg\" alt=\"\" width=\"569\" height=\"366\" srcset=\"https:\/\/www.buroperiodistico.com.mx\/wp-content\/uploads\/2025\/11\/EntrevistaSST.jpeg 1024w, https:\/\/www.buroperiodistico.com.mx\/wp-content\/uploads\/2025\/11\/EntrevistaSST-300x193.jpeg 300w, https:\/\/www.buroperiodistico.com.mx\/wp-content\/uploads\/2025\/11\/EntrevistaSST-768x494.jpeg 768w\" sizes=\"auto, (max-width: 569px) 100vw, 569px\" \/>Cd. Victoria, Tamaulipas (10-Noviembre-2025).-<\/strong><\/em> Con las bajas temperaturas que ya se registran en territorio tamaulipeco, el secretario de Salud, Vicente Joel Hern\u00e1ndez Navarro, recomend\u00f3 a la poblaci\u00f3n tomar las medidas preventivas como el abrigarse adecuadamente y evitar los cambios bruscos del clima.<\/p>\n<p>En entrevista, previo a los honores a la bandera, el funcionario estatal se\u00f1al\u00f3 que entre las medidas preventivas tambi\u00e9n se podr\u00eda dar la suspensi\u00f3n de clases en caso de que las temperaturas desciendan considerablemente, y exhort\u00f3 a proteger a la poblaci\u00f3n m\u00e1s vulnerable como los ni\u00f1os y los adultos mayores.<\/p>\n<p>Dijo que ya se registra un incremento de casos de enfermedades respiratorios agudas, en donde padecimientos como Influenza suman unos 54 casos y 20 pacientes se han confirmado con la enfermedad de COVID, por ello mencion\u00f3 lo importante que es acudir a vacunarse para que cuando lleguen los d\u00edas m\u00e1s fr\u00edos estemos debidamente protegidos.<\/p>\n<p>El secretario de Salud, tambi\u00e9n fue cuestionado sobre la \u00a0enfermedad de Boca-Mano-Pie, la cual se ha dado el seguimiento puntual a la evoluci\u00f3n de la enfermedad en el estado, as\u00ed como a la aplicaci\u00f3n de las medidas preventivas correspondientes para proteger la salud de la poblaci\u00f3n infantil, ya que es el grupo que se ha visto m\u00e1s afectado por este padecimiento.<\/p>\n<p>\u201cAunque es una enfermedad autoinmune, seguimos vigilando su comportamiento y a la fecha el registro que se tiene en este a\u00f1o es de 81 brotes, resultando 635 ni\u00f1os y ni\u00f1as afectados, los cuales evolucionaron sin ninguna complicaci\u00f3n; y en las \u00faltimas semanas se observa una tendencia a la baja con 5 brotes reportados en el mes de noviembre\u201d, se\u00f1al\u00f3.<\/p>\n<p>Por \u00faltimo, en la entrevista, mencionaron sobre las denuncias realizadas por trabajadores del Hospital General de Victoria en redes sociales sobre el actuar de las autoridades, a lo que inform\u00f3 que aun y cuando estas unidades son coordinadas por el IMSS Bienestar, se trabaja de manera coordinada en cualquier situaci\u00f3n y a la fecha no se tiene ninguna denuncia formal por parte del personal de dicho nosocomio.<\/p>\n","protected":false},"excerpt":{"rendered":"<p>Cd. Victoria, Tamaulipas (10-Noviembre-2025).- Con las bajas temperaturas que ya se registran en territorio tamaulipeco,&#8230;<\/p>\n","protected":false},"author":1,"featured_media":187045,"comment_status":"closed","ping_status":"closed","sticky":false,"template":"","format":"standard","meta":{"footnotes":"","jetpack_publicize_message":"","jetpack_publicize_feature_enabled":true,"jetpack_social_post_already_shared":true,"jetpack_social_options":{"image_generator_settings":{"template":"highway","default_image_id":0,"font":"","enabled":false},"version":2}},"categories":[25,10],"tags":[],"class_list":["post-187044","post","type-post","status-publish","format-standard","has-post-thumbnail","hentry","category-portada","category-tamaulipas"],"jetpack_publicize_connections":[],"_links":{"self":[{"href":"https:\/\/www.buroperiodistico.com.mx\/index.php?rest_route=\/wp\/v2\/posts\/187044","targetHints":{"allow":["GET"]}}],"collection":[{"href":"https:\/\/www.buroperiodistico.com.mx\/index.php?rest_route=\/wp\/v2\/posts"}],"about":[{"href":"https:\/\/www.buroperiodistico.com.mx\/index.php?rest_route=\/wp\/v2\/types\/post"}],"author":[{"embeddable":true,"href":"https:\/\/www.buroperiodistico.com.mx\/index.php?rest_route=\/wp\/v2\/users\/1"}],"replies":[{"embeddable":true,"href":"https:\/\/www.buroperiodistico.com.mx\/index.php?rest_route=%2Fwp%2Fv2%2Fcomments&post=187044"}],"version-history":[{"count":0,"href":"https:\/\/www.buroperiodistico.com.mx\/index.php?rest_route=\/wp\/v2\/posts\/187044\/revisions"}],"wp:featuredmedia":[{"embeddable":true,"href":"https:\/\/www.buroperiodistico.com.mx\/index.php?rest_route=\/wp\/v2\/media\/187045"}],"wp:attachment":[{"href":"https:\/\/www.buroperiodistico.com.mx\/index.php?rest_route=%2Fwp%2Fv2%2Fmedia&parent=187044"}],"wp:term":[{"taxonomy":"category","embeddable":true,"href":"https:\/\/www.buroperiodistico.com.mx\/index.php?rest_route=%2Fwp%2Fv2%2Fcategories&post=187044"},{"taxonomy":"post_tag","embeddable":true,"href":"https:\/\/www.buroperiodistico.com.mx\/index.php?rest_route=%2Fwp%2Fv2%2Ftags&post=187044"}],"curies":[{"name":"wp","href":"https:\/\/api.w.org\/{rel}","templated":true}]}}