{"id":187039,"date":"2025-11-10T15:34:22","date_gmt":"2025-11-10T21:34:22","guid":{"rendered":"https:\/\/www.buroperiodistico.com.mx\/?p=187039"},"modified":"2025-11-10T15:34:22","modified_gmt":"2025-11-10T21:34:22","slug":"realiza-la-uat-con-exito-carrera-pedestre-en-valle-hermoso","status":"publish","type":"post","link":"https:\/\/www.buroperiodistico.com.mx\/?p=187039","title":{"rendered":"Realiza la UAT con \u00e9xito carrera pedestre en Valle Hermoso"},"content":{"rendered":"<p><em><strong><img loading=\"lazy\" decoding=\"async\" class=\" wp-image-187042 alignright\" src=\"https:\/\/www.buroperiodistico.com.mx\/wp-content\/uploads\/2025\/11\/Deportx.jpeg\" alt=\"\" width=\"542\" height=\"339\" srcset=\"https:\/\/www.buroperiodistico.com.mx\/wp-content\/uploads\/2025\/11\/Deportx.jpeg 1024w, https:\/\/www.buroperiodistico.com.mx\/wp-content\/uploads\/2025\/11\/Deportx-300x188.jpeg 300w, https:\/\/www.buroperiodistico.com.mx\/wp-content\/uploads\/2025\/11\/Deportx-768x480.jpeg 768w\" sizes=\"auto, (max-width: 542px) 100vw, 542px\" \/>Valle Hermoso, Tam (10-Noviembre-2025).-<\/strong><\/em> La Universidad Aut\u00f3noma de Tamaulipas (UAT), realiz\u00f3 con \u00e9xito la \u201cPrimera Gran Carrera Familia UAMVH 5 K\u201d, que reuni\u00f3 a m\u00e1s de 900 participantes.<\/p>\n<p>El recorrido inici\u00f3 a temprana hora y la comunidad de Valle Hermoso demostr\u00f3 su entusiasmo y esp\u00edritu deportivo en un recorrido por las principales avenidas de esta localidad.<\/p>\n<p>La carrera tuvo como prop\u00f3sito fortalecer la uni\u00f3n familiar y ensalzar los valores universitarios que impulsa el rector D\u00e1maso Anaya Alvarado, al fomentar el deporte y la formaci\u00f3n integral de los estudiantes, as\u00ed como la cercan\u00eda con la comunidad de este municipio.<\/p>\n<p>En esta ocasi\u00f3n las categor\u00edas participantes fueron 19 y menores, 20-29 a\u00f1os y Libre, en las ramas varonil y femenil.<\/p>\n<p>El director de la UAM Valle Hermoso, Jes\u00fas Roberto Garc\u00eda Sandoval, resalt\u00f3 el compromiso universitario de impulsar el deporte y la vida saludable en la comunidad de esta casa de estudios, as\u00ed como tambi\u00e9n agradeci\u00f3 la participaci\u00f3n de cientos de corredores de la sociedad valle hermosense que se sumaron con gran entusiasmo a esta jornada deportiva.<\/p>\n<p><img loading=\"lazy\" decoding=\"async\" class=\"aligncenter size-full wp-image-187040\" src=\"https:\/\/www.buroperiodistico.com.mx\/wp-content\/uploads\/2025\/11\/Deportx-I.jpeg\" alt=\"\" width=\"640\" height=\"426\" srcset=\"https:\/\/www.buroperiodistico.com.mx\/wp-content\/uploads\/2025\/11\/Deportx-I.jpeg 640w, https:\/\/www.buroperiodistico.com.mx\/wp-content\/uploads\/2025\/11\/Deportx-I-300x200.jpeg 300w\" sizes=\"auto, (max-width: 640px) 100vw, 640px\" \/> <img loading=\"lazy\" decoding=\"async\" class=\"aligncenter size-full wp-image-187041\" src=\"https:\/\/www.buroperiodistico.com.mx\/wp-content\/uploads\/2025\/11\/Deportx-II.jpeg\" alt=\"\" width=\"640\" height=\"426\" srcset=\"https:\/\/www.buroperiodistico.com.mx\/wp-content\/uploads\/2025\/11\/Deportx-II.jpeg 640w, https:\/\/www.buroperiodistico.com.mx\/wp-content\/uploads\/2025\/11\/Deportx-II-300x200.jpeg 300w\" sizes=\"auto, (max-width: 640px) 100vw, 640px\" \/><\/p>\n","protected":false},"excerpt":{"rendered":"<p>Valle Hermoso, Tam (10-Noviembre-2025).- La Universidad Aut\u00f3noma de Tamaulipas (UAT), realiz\u00f3 con \u00e9xito la \u201cPrimera&#8230;<\/p>\n","protected":false},"author":1,"featured_media":187042,"comment_status":"closed","ping_status":"closed","sticky":false,"template":"","format":"standard","meta":{"footnotes":"","jetpack_publicize_message":"","jetpack_publicize_feature_enabled":true,"jetpack_social_post_already_shared":true,"jetpack_social_options":{"image_generator_settings":{"template":"highway","default_image_id":0,"font":"","enabled":false},"version":2}},"categories":[28],"tags":[],"class_list":["post-187039","post","type-post","status-publish","format-standard","has-post-thumbnail","hentry","category-uat"],"jetpack_publicize_connections":[],"_links":{"self":[{"href":"https:\/\/www.buroperiodistico.com.mx\/index.php?rest_route=\/wp\/v2\/posts\/187039","targetHints":{"allow":["GET"]}}],"collection":[{"href":"https:\/\/www.buroperiodistico.com.mx\/index.php?rest_route=\/wp\/v2\/posts"}],"about":[{"href":"https:\/\/www.buroperiodistico.com.mx\/index.php?rest_route=\/wp\/v2\/types\/post"}],"author":[{"embeddable":true,"href":"https:\/\/www.buroperiodistico.com.mx\/index.php?rest_route=\/wp\/v2\/users\/1"}],"replies":[{"embeddable":true,"href":"https:\/\/www.buroperiodistico.com.mx\/index.php?rest_route=%2Fwp%2Fv2%2Fcomments&post=187039"}],"version-history":[{"count":0,"href":"https:\/\/www.buroperiodistico.com.mx\/index.php?rest_route=\/wp\/v2\/posts\/187039\/revisions"}],"wp:featuredmedia":[{"embeddable":true,"href":"https:\/\/www.buroperiodistico.com.mx\/index.php?rest_route=\/wp\/v2\/media\/187042"}],"wp:attachment":[{"href":"https:\/\/www.buroperiodistico.com.mx\/index.php?rest_route=%2Fwp%2Fv2%2Fmedia&parent=187039"}],"wp:term":[{"taxonomy":"category","embeddable":true,"href":"https:\/\/www.buroperiodistico.com.mx\/index.php?rest_route=%2Fwp%2Fv2%2Fcategories&post=187039"},{"taxonomy":"post_tag","embeddable":true,"href":"https:\/\/www.buroperiodistico.com.mx\/index.php?rest_route=%2Fwp%2Fv2%2Ftags&post=187039"}],"curies":[{"name":"wp","href":"https:\/\/api.w.org\/{rel}","templated":true}]}}