{"id":186982,"date":"2025-11-10T11:33:59","date_gmt":"2025-11-10T17:33:59","guid":{"rendered":"https:\/\/www.buroperiodistico.com.mx\/?p=186982"},"modified":"2025-11-10T11:33:59","modified_gmt":"2025-11-10T17:33:59","slug":"invita-dif-reynosa-a-la-campana-de-prevencion-dia-mundial-de-la-diabetes-y-toma-de-antigeno-prostatico","status":"publish","type":"post","link":"https:\/\/www.buroperiodistico.com.mx\/?p=186982","title":{"rendered":"Invita DIF-Reynosa a la Campa\u00f1a de Prevenci\u00f3n \u201cD\u00eda Mundial de la Diabetes\u201d y Toma de Ant\u00edgeno Prost\u00e1tico"},"content":{"rendered":"<p><em><strong><img loading=\"lazy\" decoding=\"async\" class=\"size-full wp-image-186983 alignright\" src=\"https:\/\/www.buroperiodistico.com.mx\/wp-content\/uploads\/2025\/11\/Diabex-I.jpeg\" alt=\"\" width=\"480\" height=\"593\" srcset=\"https:\/\/www.buroperiodistico.com.mx\/wp-content\/uploads\/2025\/11\/Diabex-I.jpeg 480w, https:\/\/www.buroperiodistico.com.mx\/wp-content\/uploads\/2025\/11\/Diabex-I-243x300.jpeg 243w\" sizes=\"auto, (max-width: 480px) 100vw, 480px\" \/>Reynosa, Tam (10-Noviembre-2025).-<\/strong><\/em> El Sistema DIF-Reynosa, que preside Carlos Luis Pe\u00f1a Garza, invita a la ciudadan\u00eda a participar en la Campa\u00f1a de Prevenci\u00f3n \u201cD\u00eda Mundial de la Diabetes\u201d y Toma de Ant\u00edgeno Prost\u00e1tico, que se llevar\u00e1 a cabo el viernes 14 de noviembre en las instalaciones del DIF Central ubicadas en bulevar Hidalgo n\u00famero 1900 en la colonia Hidalgo, a partir de las 8:00 de la ma\u00f1ana<\/p>\n<p>Durante la jornada, se realizar\u00e1n tomas de laboratorio y detecci\u00f3n de glucosa para los ciudadanos en general, as\u00ed como estudios de ant\u00edgeno prost\u00e1tico para los varones.<\/p>\n<p>Con estas acciones, el Alcalde, Carlos Pe\u00f1a Ortiz, reafirma su compromiso con el bienestar y la salud de todas las familias reynosenses, fomentando la prevenci\u00f3n de las diversas enfermedades.<\/p>\n<p>Para participar es importante registrarse, comunic\u00e1ndose al tel\u00e9fono 8999230432, extensi\u00f3n 126, en horario de 8:00 de la ma\u00f1ana a 4:00 de la tarde: los interesados deber\u00e1n acudir el d\u00eda se\u00f1alado en ayuno, presentar copia de INE, CURP y comprobante de domicilio.<\/p>\n","protected":false},"excerpt":{"rendered":"<p>Reynosa, Tam (10-Noviembre-2025).- El Sistema DIF-Reynosa, que preside Carlos Luis Pe\u00f1a Garza, invita a la&#8230;<\/p>\n","protected":false},"author":1,"featured_media":186984,"comment_status":"closed","ping_status":"closed","sticky":false,"template":"","format":"standard","meta":{"footnotes":"","jetpack_publicize_message":"","jetpack_publicize_feature_enabled":true,"jetpack_social_post_already_shared":true,"jetpack_social_options":{"image_generator_settings":{"template":"highway","default_image_id":0,"font":"","enabled":false},"version":2}},"categories":[9],"tags":[],"class_list":["post-186982","post","type-post","status-publish","format-standard","has-post-thumbnail","hentry","category-reynosa"],"jetpack_publicize_connections":[],"_links":{"self":[{"href":"https:\/\/www.buroperiodistico.com.mx\/index.php?rest_route=\/wp\/v2\/posts\/186982","targetHints":{"allow":["GET"]}}],"collection":[{"href":"https:\/\/www.buroperiodistico.com.mx\/index.php?rest_route=\/wp\/v2\/posts"}],"about":[{"href":"https:\/\/www.buroperiodistico.com.mx\/index.php?rest_route=\/wp\/v2\/types\/post"}],"author":[{"embeddable":true,"href":"https:\/\/www.buroperiodistico.com.mx\/index.php?rest_route=\/wp\/v2\/users\/1"}],"replies":[{"embeddable":true,"href":"https:\/\/www.buroperiodistico.com.mx\/index.php?rest_route=%2Fwp%2Fv2%2Fcomments&post=186982"}],"version-history":[{"count":0,"href":"https:\/\/www.buroperiodistico.com.mx\/index.php?rest_route=\/wp\/v2\/posts\/186982\/revisions"}],"wp:featuredmedia":[{"embeddable":true,"href":"https:\/\/www.buroperiodistico.com.mx\/index.php?rest_route=\/wp\/v2\/media\/186984"}],"wp:attachment":[{"href":"https:\/\/www.buroperiodistico.com.mx\/index.php?rest_route=%2Fwp%2Fv2%2Fmedia&parent=186982"}],"wp:term":[{"taxonomy":"category","embeddable":true,"href":"https:\/\/www.buroperiodistico.com.mx\/index.php?rest_route=%2Fwp%2Fv2%2Fcategories&post=186982"},{"taxonomy":"post_tag","embeddable":true,"href":"https:\/\/www.buroperiodistico.com.mx\/index.php?rest_route=%2Fwp%2Fv2%2Ftags&post=186982"}],"curies":[{"name":"wp","href":"https:\/\/api.w.org\/{rel}","templated":true}]}}