{"id":186964,"date":"2025-11-10T10:41:37","date_gmt":"2025-11-10T16:41:37","guid":{"rendered":"https:\/\/www.buroperiodistico.com.mx\/?p=186964"},"modified":"2025-11-10T10:41:37","modified_gmt":"2025-11-10T16:41:37","slug":"coparmex-nacional-visita-oncologicos-para-conocer-su-modelo-de-atencion-integral-contra-el-cancer","status":"publish","type":"post","link":"https:\/\/www.buroperiodistico.com.mx\/?p=186964","title":{"rendered":"COPARMEX NACIONAL VISITA ONCOL\u00d3GICOS PARA CONOCER SU MODELO DE ATENCI\u00d3N INTEGRAL CONTRA EL C\u00c1NCER"},"content":{"rendered":"<p><em><strong><img loading=\"lazy\" decoding=\"async\" class=\" wp-image-186968 alignright\" src=\"https:\/\/www.buroperiodistico.com.mx\/wp-content\/uploads\/2025\/11\/COmapx-3.jpeg\" alt=\"\" width=\"540\" height=\"332\" srcset=\"https:\/\/www.buroperiodistico.com.mx\/wp-content\/uploads\/2025\/11\/COmapx-3.jpeg 1024w, https:\/\/www.buroperiodistico.com.mx\/wp-content\/uploads\/2025\/11\/COmapx-3-300x185.jpeg 300w, https:\/\/www.buroperiodistico.com.mx\/wp-content\/uploads\/2025\/11\/COmapx-3-768x473.jpeg 768w\" sizes=\"auto, (max-width: 540px) 100vw, 540px\" \/>Reynosa, Tamaulipas (9 de noviembre de 2025).-<\/strong><\/em>\u00a0El Presidente Nacional de la Confederaci\u00f3n Patronal de la Rep\u00fablica Mexicana (COPARMEX), Juan Jos\u00e9 Sierra, realiz\u00f3 este viernes una visita especial a las instalaciones de Oncol\u00f3gicos \u2013 Tratamiento Integral del C\u00e1ncer, como parte de su agenda de trabajo en Reynosa, donde conoci\u00f3 de primera mano la labor que realiza este centro m\u00e9dico especializado en la detecci\u00f3n, diagn\u00f3stico y tratamiento del c\u00e1ncer.<\/p>\n<p>Acompa\u00f1ado por el Presidente del Consejo Empresarial de COPARMEX Reynosa, Heberardo Gonz\u00e1lez Garza; el Vicepresidente, Luis Antonio Villela; y el Presidente de la Comisi\u00f3n de Salud, Carlos L\u00f3pez Garza, el l\u00edder nacional de COPARMEX sostuvo un recorrido guiado por las instalaciones de Oncol\u00f3gicos, donde fue recibido por representantes de la instituci\u00f3n.<\/p>\n<p>Durante la visita, se destac\u00f3 la importancia de fortalecer los lazos entre el sector empresarial y las instituciones de salud privadas que, como Oncol\u00f3gicos, contribuyen significativamente al bienestar de los colaboradores y sus familias mediante programas de prevenci\u00f3n, diagn\u00f3stico oportuno y tratamientos de alta especialidad.<\/p>\n<p>Oncol\u00f3gicos, con m\u00e1s de 30 a\u00f1os de experiencia en la regi\u00f3n, es un referente m\u00e9dico que combina tecnolog\u00eda de vanguardia con un equipo multidisciplinario altamente capacitado. Su modelo integral incluye quimioterapia, medicina nuclear, cirug\u00eda oncol\u00f3gica, psicolog\u00eda, nutrici\u00f3n, cuidados paliativos y radioterapia avanzada avalada por el MD Anderson Cancer Center, uno de los principales centros oncol\u00f3gicos del mundo.<\/p>\n<p>El Presidente Nacional de COPARMEX reconoci\u00f3 el compromiso social de Oncol\u00f3gicos con la comunidad fronteriza y subray\u00f3 la importancia de promover alianzas que impulsen la salud laboral y el acceso a servicios m\u00e9dicos especializados.<\/p>\n<p>\u201cNos llena de orgullo recibir a representantes de COPARMEX Nacional y local. Esta visita reafirma nuestro compromiso con la prevenci\u00f3n, el tratamiento y la esperanza de miles de familias que enfrentan el c\u00e1ncer d\u00eda a d\u00eda\u201d, expres\u00f3 Jos\u00e9 Quintero, Gerente de Servicio de Oncol\u00f3gicos.<\/p>\n<p>Con esta visita, Oncol\u00f3gicos consolida su relaci\u00f3n con el sector empresarial, reafirmando su misi\u00f3n de brindar atenci\u00f3n m\u00e9dica de excelencia, humana y con un prop\u00f3sito claro: luchar cada d\u00eda por la vida y la esperanza de sus pacientes.<\/p>\n<p><img loading=\"lazy\" decoding=\"async\" class=\"aligncenter size-full wp-image-186965\" src=\"https:\/\/www.buroperiodistico.com.mx\/wp-content\/uploads\/2025\/11\/COmapx-I-2.jpeg\" alt=\"\" width=\"640\" height=\"426\" srcset=\"https:\/\/www.buroperiodistico.com.mx\/wp-content\/uploads\/2025\/11\/COmapx-I-2.jpeg 640w, https:\/\/www.buroperiodistico.com.mx\/wp-content\/uploads\/2025\/11\/COmapx-I-2-300x200.jpeg 300w\" sizes=\"auto, (max-width: 640px) 100vw, 640px\" \/> <img loading=\"lazy\" decoding=\"async\" class=\"aligncenter size-full wp-image-186967\" src=\"https:\/\/www.buroperiodistico.com.mx\/wp-content\/uploads\/2025\/11\/COmapx-III-1.jpeg\" alt=\"\" width=\"640\" height=\"426\" srcset=\"https:\/\/www.buroperiodistico.com.mx\/wp-content\/uploads\/2025\/11\/COmapx-III-1.jpeg 640w, https:\/\/www.buroperiodistico.com.mx\/wp-content\/uploads\/2025\/11\/COmapx-III-1-300x200.jpeg 300w\" sizes=\"auto, (max-width: 640px) 100vw, 640px\" \/> <img loading=\"lazy\" decoding=\"async\" class=\"aligncenter size-full wp-image-186966\" src=\"https:\/\/www.buroperiodistico.com.mx\/wp-content\/uploads\/2025\/11\/COmapx-II-1.jpeg\" alt=\"\" width=\"640\" height=\"427\" srcset=\"https:\/\/www.buroperiodistico.com.mx\/wp-content\/uploads\/2025\/11\/COmapx-II-1.jpeg 640w, https:\/\/www.buroperiodistico.com.mx\/wp-content\/uploads\/2025\/11\/COmapx-II-1-300x200.jpeg 300w\" sizes=\"auto, (max-width: 640px) 100vw, 640px\" \/><\/p>\n<div style=\"width: 640px;\" class=\"wp-video\"><video class=\"wp-video-shortcode\" id=\"video-186964-1\" width=\"640\" height=\"357\" preload=\"metadata\" controls=\"controls\"><source type=\"video\/mp4\" src=\"https:\/\/www.buroperiodistico.com.mx\/wp-content\/uploads\/2025\/11\/WhatsApp-Video-2025-11-10-at-3.40.49-AM.mp4?_=1\" \/><a href=\"https:\/\/www.buroperiodistico.com.mx\/wp-content\/uploads\/2025\/11\/WhatsApp-Video-2025-11-10-at-3.40.49-AM.mp4\">https:\/\/www.buroperiodistico.com.mx\/wp-content\/uploads\/2025\/11\/WhatsApp-Video-2025-11-10-at-3.40.49-AM.mp4<\/a><\/video><\/div>\n","protected":false},"excerpt":{"rendered":"<p>Reynosa, Tamaulipas (9 de noviembre de 2025).-\u00a0El Presidente Nacional de la Confederaci\u00f3n Patronal de la&#8230;<\/p>\n","protected":false},"author":1,"featured_media":186968,"comment_status":"closed","ping_status":"closed","sticky":false,"template":"","format":"standard","meta":{"footnotes":"","jetpack_publicize_message":"","jetpack_publicize_feature_enabled":true,"jetpack_social_post_already_shared":true,"jetpack_social_options":{"image_generator_settings":{"template":"highway","default_image_id":0,"font":"","enabled":false},"version":2}},"categories":[9],"tags":[],"class_list":["post-186964","post","type-post","status-publish","format-standard","has-post-thumbnail","hentry","category-reynosa"],"jetpack_publicize_connections":[],"_links":{"self":[{"href":"https:\/\/www.buroperiodistico.com.mx\/index.php?rest_route=\/wp\/v2\/posts\/186964","targetHints":{"allow":["GET"]}}],"collection":[{"href":"https:\/\/www.buroperiodistico.com.mx\/index.php?rest_route=\/wp\/v2\/posts"}],"about":[{"href":"https:\/\/www.buroperiodistico.com.mx\/index.php?rest_route=\/wp\/v2\/types\/post"}],"author":[{"embeddable":true,"href":"https:\/\/www.buroperiodistico.com.mx\/index.php?rest_route=\/wp\/v2\/users\/1"}],"replies":[{"embeddable":true,"href":"https:\/\/www.buroperiodistico.com.mx\/index.php?rest_route=%2Fwp%2Fv2%2Fcomments&post=186964"}],"version-history":[{"count":0,"href":"https:\/\/www.buroperiodistico.com.mx\/index.php?rest_route=\/wp\/v2\/posts\/186964\/revisions"}],"wp:featuredmedia":[{"embeddable":true,"href":"https:\/\/www.buroperiodistico.com.mx\/index.php?rest_route=\/wp\/v2\/media\/186968"}],"wp:attachment":[{"href":"https:\/\/www.buroperiodistico.com.mx\/index.php?rest_route=%2Fwp%2Fv2%2Fmedia&parent=186964"}],"wp:term":[{"taxonomy":"category","embeddable":true,"href":"https:\/\/www.buroperiodistico.com.mx\/index.php?rest_route=%2Fwp%2Fv2%2Fcategories&post=186964"},{"taxonomy":"post_tag","embeddable":true,"href":"https:\/\/www.buroperiodistico.com.mx\/index.php?rest_route=%2Fwp%2Fv2%2Ftags&post=186964"}],"curies":[{"name":"wp","href":"https:\/\/api.w.org\/{rel}","templated":true}]}}