{"id":186949,"date":"2025-11-10T09:51:03","date_gmt":"2025-11-10T15:51:03","guid":{"rendered":"https:\/\/www.buroperiodistico.com.mx\/?p=186949"},"modified":"2025-11-10T09:51:03","modified_gmt":"2025-11-10T15:51:03","slug":"tiempos-de-guerra-por-chano-rangel-483","status":"publish","type":"post","link":"https:\/\/www.buroperiodistico.com.mx\/?p=186949","title":{"rendered":"Tiempos de Guerra\/ Por: Chano Rangel"},"content":{"rendered":"<p style=\"text-align: center;\"><em><strong>\u00bfLa responsabilidad? <\/strong><\/em><\/p>\n<p><em><strong>(10-Noviembre-2025).-<\/strong><\/em> Vivimos en un mundo donde la informaci\u00f3n como tal es un valor que se ha perdido, las redes sociales, que en un gran porcentaje son hechos err\u00f3neos o mala informaci\u00f3n no cumplen aun, con este objetivo, como lo marcan los c\u00e1nones del periodismo, objetivos y veraces.<\/p>\n<p>Sin embargo, si se han convertido en una canal de informaci\u00f3n, que para bien o para mal, lleva de manera directa a los ciudadanos a trav\u00e9s de los tel\u00e9fonos inteligentes, que de manera ordinaria porta cada individuo en nuestro pa\u00eds, eso s\u00ed, sin importar los recursos econ\u00f3micos, hay para todos los gustos.<\/p>\n<p>Sin embargo, aqu\u00ed tambi\u00e9n radica la responsabilidad, vivimos la \u00faltimas dos o tres semanas en un pa\u00eds donde no pasa nada, como lo referencia en columna anterior a Ad\u00e1n Augusto L\u00f3pez, que puede ser un punto rojo, pero nadie lo investiga, porque el poder lo protege y el partido lo arropa, incluso por encima de la voluntad popular.<\/p>\n<p>En el caso de SEGALMEX, hasta hoy en d\u00eda no hay ning\u00fan detenido, no existe ni siquiera una orden de investigaci\u00f3n, pero m\u00e1s de 10 mil millones de pesos desaparecieron de sus cuentas. Y no paso nada.<\/p>\n<p>As\u00ed como estos casos hay m\u00e1s el gobierno se niega a dar datos de inversi\u00f3n del Aeropuerto Felipe \u00c1ngeles, de la Refiner\u00eda de Dos Bocas, del Tren Maya, y los que se tienen son por algoritmos matem\u00e1ticos, porque el gobierno se reh\u00fasa a dar informaci\u00f3n de este.<\/p>\n<p>Para todo y para salir del paso, culpan a Felipe Calder\u00f3n, aunque hace 13 a\u00f1os este dejo el poder, y su caballo de batalla es Genaro Garc\u00eda Luna, olvidando su barredora con Hern\u00e1n Berm\u00fadez.<\/p>\n<p>No hay responsables en este gobierno, nadie asume la responsabilidad de sus actos, si un periodista descubre que Gerardo Fern\u00e1ndez Noro\u00f1a, compro una mansi\u00f3n de 12 millones de pesos, sin declarar de donde obtuvo ese dinero, no pasa nada, pero se ataca al periodista, no al responsable.<\/p>\n<p>Lo m\u00e1s lamentable fue la muerte del edil de Uruapan, Carlos Manzo, que tambi\u00e9n quisieron culpar a Calder\u00f3n de los hechos, pero el discurso no les alcanzo, pero tampoco el gobierno asumi\u00f3 su responsabilidad, porque siguen culpando al pasado, no una respuesta coherente en su haber.<\/p>\n<p>El vocero Arturo \u00c1vila, el que hizo fortuna en el gobierno de Enrique Pe\u00f1a Nieto, con propiedades en San Diego California, ahora santificado, busca culpables en el pasado, pero no da datos, sigue con la misma retorica de culpar al pasado, mientras no se asuma con responsabilidad el uso del poder que el pueblo les confiri\u00f3, este mismo pueblo puede ser el que se los arrebate.<\/p>\n<p>Los bots, a los que hacia la referencia la misma presidenta, que eran manipulados por la oposici\u00f3n seg\u00fan sus mismos dichos y palabras, estos dejaron de serlo y salieron a las calles de Uruapan, m\u00e1s de 70 mil personas salieron a brindarle su apoyo, a la nueva alcaldesa del municipio, la viuda de Carlos Manzo.<\/p>\n<p>Con los m\u00e1s de 70 mil acompa\u00f1antes que no necesitaron ser acarreados, la realidad les dio en la cara, y ni como alegar, que son perfiles falsos, ah\u00ed estaba en cuerpo y alma, pero la responsabilidad de dar datos e investigar, a\u00fan sigue en vilo, sigue con un plan que ya fallo, en b\u00fasqueda de nuevos resultados, usando los mismos m\u00e9todos del pasado que tanto critican, es el momento del pueblo, que pide resultado.<\/p>\n<p>La generaci\u00f3n Z, a la que pertenezco, son usamos bots, muchos menos perfiles falsos, pero hemos visto las formas de gobierno del PRI, del PAN y de Morena, y para sinceridad, estamos extra\u00f1ando el pasado y somos la generaci\u00f3n productiva, la que genera empleos y asume la responsabilidad de sus actos. Quiz\u00e1 la \u00faltima producto del esfuerzo y del trabajo.<\/p>\n<p>Es cu\u00e1nto.<\/p>\n<p><strong><em>De Aquello y lo dem\u00e1s\u2026<\/em><\/strong><\/p>\n<p>Con la frase ya fuimos \u201cles dijimos quienes eran los responsables\u201d y ah\u00ed est\u00e1n los hechos, as\u00ed con esas palabras, la viuda de Carlos Manzo se refiri\u00f3 a su encuentro con la presidenta Claudia Sheinbaum.<\/p>\n<p>No hay manera de ocultar la verdad, pero todos los gobiernos morenistas, por instrucciones o por oficiosos est\u00e1n tratando de darle para abajo a la manifestaci\u00f3n del 15 de noviembre, convocada como muchos afirman por la generaci\u00f3n Z.<\/p>\n<p>Hemos visto como legisladores, alcaldes, gobernadores del partido en el poder, tratan de desestimar el movimiento leg\u00edtimo, y quiz\u00e1 el m\u00e1s grande de la historia reciente del pa\u00eds.<\/p>\n<p>Volvemos a lo mismo, acusan al mensajero, pero no asumen su responsabilidad como gobierno.<\/p>\n<p><em>chanorangel@live.com.mx<\/em><\/p>\n","protected":false},"excerpt":{"rendered":"<p>\u00bfLa responsabilidad? (10-Noviembre-2025).- Vivimos en un mundo donde la informaci\u00f3n como tal es un valor&#8230;<\/p>\n","protected":false},"author":1,"featured_media":149238,"comment_status":"closed","ping_status":"closed","sticky":false,"template":"","format":"standard","meta":{"footnotes":"","jetpack_publicize_message":"","jetpack_publicize_feature_enabled":true,"jetpack_social_post_already_shared":true,"jetpack_social_options":{"image_generator_settings":{"template":"highway","default_image_id":0,"font":"","enabled":false},"version":2}},"categories":[23],"tags":[],"class_list":["post-186949","post","type-post","status-publish","format-standard","has-post-thumbnail","hentry","category-columnas"],"jetpack_publicize_connections":[],"_links":{"self":[{"href":"https:\/\/www.buroperiodistico.com.mx\/index.php?rest_route=\/wp\/v2\/posts\/186949","targetHints":{"allow":["GET"]}}],"collection":[{"href":"https:\/\/www.buroperiodistico.com.mx\/index.php?rest_route=\/wp\/v2\/posts"}],"about":[{"href":"https:\/\/www.buroperiodistico.com.mx\/index.php?rest_route=\/wp\/v2\/types\/post"}],"author":[{"embeddable":true,"href":"https:\/\/www.buroperiodistico.com.mx\/index.php?rest_route=\/wp\/v2\/users\/1"}],"replies":[{"embeddable":true,"href":"https:\/\/www.buroperiodistico.com.mx\/index.php?rest_route=%2Fwp%2Fv2%2Fcomments&post=186949"}],"version-history":[{"count":0,"href":"https:\/\/www.buroperiodistico.com.mx\/index.php?rest_route=\/wp\/v2\/posts\/186949\/revisions"}],"wp:featuredmedia":[{"embeddable":true,"href":"https:\/\/www.buroperiodistico.com.mx\/index.php?rest_route=\/wp\/v2\/media\/149238"}],"wp:attachment":[{"href":"https:\/\/www.buroperiodistico.com.mx\/index.php?rest_route=%2Fwp%2Fv2%2Fmedia&parent=186949"}],"wp:term":[{"taxonomy":"category","embeddable":true,"href":"https:\/\/www.buroperiodistico.com.mx\/index.php?rest_route=%2Fwp%2Fv2%2Fcategories&post=186949"},{"taxonomy":"post_tag","embeddable":true,"href":"https:\/\/www.buroperiodistico.com.mx\/index.php?rest_route=%2Fwp%2Fv2%2Ftags&post=186949"}],"curies":[{"name":"wp","href":"https:\/\/api.w.org\/{rel}","templated":true}]}}