{"id":186942,"date":"2025-11-09T22:47:13","date_gmt":"2025-11-10T04:47:13","guid":{"rendered":"https:\/\/www.buroperiodistico.com.mx\/?p=186942"},"modified":"2025-11-09T22:47:13","modified_gmt":"2025-11-10T04:47:13","slug":"combatio-proteccion-civil-de-reynosa-incendio-en-cerca-de-3-hectareas-tras-la-cima","status":"publish","type":"post","link":"https:\/\/www.buroperiodistico.com.mx\/?p=186942","title":{"rendered":"Combati\u00f3 Protecci\u00f3n Civil de Reynosa incendio en cerca de 3 hect\u00e1reas tras La Cima"},"content":{"rendered":"<p><em><strong><img loading=\"lazy\" decoding=\"async\" class=\"size-full wp-image-186943 alignright\" src=\"https:\/\/www.buroperiodistico.com.mx\/wp-content\/uploads\/2025\/11\/Inxendix-I.jpeg\" alt=\"\" width=\"640\" height=\"480\" srcset=\"https:\/\/www.buroperiodistico.com.mx\/wp-content\/uploads\/2025\/11\/Inxendix-I.jpeg 640w, https:\/\/www.buroperiodistico.com.mx\/wp-content\/uploads\/2025\/11\/Inxendix-I-300x225.jpeg 300w\" sizes=\"auto, (max-width: 640px) 100vw, 640px\" \/>Reynosa, Tam (9-Noviembre-2025).-<\/strong><\/em> La Coordinaci\u00f3n de Protecci\u00f3n Civil y Bomberos del Gobierno de Reynosa acudi\u00f3 a la colonia La Cima, donde al recibir un reporte la noche de este domingo 9 de noviembre, combati\u00f3 un incendio en cerca de tres hect\u00e1reas de pastizal y basura que amenazaba el \u00e1rea habitacional.<\/p>\n<p>Para fortuna de los habitantes del sector, que ya planeaban su salida, una m\u00e1quina de Bomberos fue apoyada por otra unidad propiedad de la Brigada Avispas Negras y Voluntarios de distintos grupos que reforzaron el trabajo de los elementos municipales.<\/p>\n<p>Luego de m\u00e1s de dos horas de luchar en un equipo colaborativo y organizado, Brigadistas y Bomberos sofocaron las llamas y anularon los posibles rebrotes para evitar una nueva propagaci\u00f3n, dejando segura la zona para tranquilidad de los vecinos.<\/p>\n<p>#ReynosaImparable<br \/>\n#GobiernoMunicipalDeReynosa<\/p>\n<p><img loading=\"lazy\" decoding=\"async\" class=\"aligncenter size-full wp-image-186944\" src=\"https:\/\/www.buroperiodistico.com.mx\/wp-content\/uploads\/2025\/11\/Inxendix-II.jpeg\" alt=\"\" width=\"640\" height=\"480\" srcset=\"https:\/\/www.buroperiodistico.com.mx\/wp-content\/uploads\/2025\/11\/Inxendix-II.jpeg 640w, https:\/\/www.buroperiodistico.com.mx\/wp-content\/uploads\/2025\/11\/Inxendix-II-300x225.jpeg 300w\" sizes=\"auto, (max-width: 640px) 100vw, 640px\" \/> <img loading=\"lazy\" decoding=\"async\" class=\"aligncenter size-full wp-image-186945\" src=\"https:\/\/www.buroperiodistico.com.mx\/wp-content\/uploads\/2025\/11\/Inxendix-III.jpeg\" alt=\"\" width=\"480\" height=\"622\" srcset=\"https:\/\/www.buroperiodistico.com.mx\/wp-content\/uploads\/2025\/11\/Inxendix-III.jpeg 480w, https:\/\/www.buroperiodistico.com.mx\/wp-content\/uploads\/2025\/11\/Inxendix-III-232x300.jpeg 232w\" sizes=\"auto, (max-width: 480px) 100vw, 480px\" \/><\/p>\n","protected":false},"excerpt":{"rendered":"<p>Reynosa, Tam (9-Noviembre-2025).- La Coordinaci\u00f3n de Protecci\u00f3n Civil y Bomberos del Gobierno de Reynosa acudi\u00f3&#8230;<\/p>\n","protected":false},"author":1,"featured_media":186946,"comment_status":"closed","ping_status":"closed","sticky":false,"template":"","format":"standard","meta":{"footnotes":"","jetpack_publicize_message":"","jetpack_publicize_feature_enabled":true,"jetpack_social_post_already_shared":true,"jetpack_social_options":{"image_generator_settings":{"template":"highway","default_image_id":0,"font":"","enabled":false},"version":2}},"categories":[9],"tags":[],"class_list":["post-186942","post","type-post","status-publish","format-standard","has-post-thumbnail","hentry","category-reynosa"],"jetpack_publicize_connections":[],"_links":{"self":[{"href":"https:\/\/www.buroperiodistico.com.mx\/index.php?rest_route=\/wp\/v2\/posts\/186942","targetHints":{"allow":["GET"]}}],"collection":[{"href":"https:\/\/www.buroperiodistico.com.mx\/index.php?rest_route=\/wp\/v2\/posts"}],"about":[{"href":"https:\/\/www.buroperiodistico.com.mx\/index.php?rest_route=\/wp\/v2\/types\/post"}],"author":[{"embeddable":true,"href":"https:\/\/www.buroperiodistico.com.mx\/index.php?rest_route=\/wp\/v2\/users\/1"}],"replies":[{"embeddable":true,"href":"https:\/\/www.buroperiodistico.com.mx\/index.php?rest_route=%2Fwp%2Fv2%2Fcomments&post=186942"}],"version-history":[{"count":0,"href":"https:\/\/www.buroperiodistico.com.mx\/index.php?rest_route=\/wp\/v2\/posts\/186942\/revisions"}],"wp:featuredmedia":[{"embeddable":true,"href":"https:\/\/www.buroperiodistico.com.mx\/index.php?rest_route=\/wp\/v2\/media\/186946"}],"wp:attachment":[{"href":"https:\/\/www.buroperiodistico.com.mx\/index.php?rest_route=%2Fwp%2Fv2%2Fmedia&parent=186942"}],"wp:term":[{"taxonomy":"category","embeddable":true,"href":"https:\/\/www.buroperiodistico.com.mx\/index.php?rest_route=%2Fwp%2Fv2%2Fcategories&post=186942"},{"taxonomy":"post_tag","embeddable":true,"href":"https:\/\/www.buroperiodistico.com.mx\/index.php?rest_route=%2Fwp%2Fv2%2Ftags&post=186942"}],"curies":[{"name":"wp","href":"https:\/\/api.w.org\/{rel}","templated":true}]}}