{"id":186940,"date":"2025-11-09T22:32:51","date_gmt":"2025-11-10T04:32:51","guid":{"rendered":"https:\/\/www.buroperiodistico.com.mx\/?p=186940"},"modified":"2025-11-09T22:32:51","modified_gmt":"2025-11-10T04:32:51","slug":"hipodromo-politico-por-carlos-g-cortes-garcia-232","status":"publish","type":"post","link":"https:\/\/www.buroperiodistico.com.mx\/?p=186940","title":{"rendered":"Hip\u00f3dromo Pol\u00edtico\/ Por Carlos G. Cort\u00e9s Garc\u00eda"},"content":{"rendered":"<p class=\"x_MsoNormal\" align=\"center\"><b>LA UAT Y TAMAULIPAS HACEN HISTORIA EN LA REFORMA ELECTORAL<\/b><\/p>\n<p class=\"x_gmail-MsoListParagraph\" style=\"text-align: left;\" align=\"center\"><span lang=\"ES-TRAD\">&#8212; <\/span><i><span lang=\"ES-TRAD\">En su 75 Aniversario, la Universidad Aut\u00f3noma de Tamaulipas est\u00e1 demostrando de qu\u00e9 est\u00e1 hecha, bajo el liderazgo del Rector D\u00e1maso Anaya Alvarado. Es as\u00ed el nivel de la instituci\u00f3n que, en el reciente Foro para la Reforma Electoral realizado en Tamaulipas, destac\u00f3 el papel de la UAT a nivel nacional, lo que habla por s\u00ed mismo de todo el trabajo que se hace para la entidad, desde el interior de la Universidad.<\/span><\/i><\/p>\n<p class=\"x_MsoNormal\">Tamaulipas, y la Universidad Aut\u00f3noma de Tamaulipas, siguen haciendo historia, as\u00ed reconocida durante la semana que reci\u00e9n termin\u00f3, por Jes\u00fas Ram\u00edrez Cuevas, representante de la Presidenta de M\u00e9xico, Claudia Sheinbaum Pardo, para la Reforma Electoral, por la calidad de su trabajo, impecable, en donde la instituci\u00f3n que lidera el Rector, D\u00e1maso Anaya Alvarado, hizo un gran esfuerzo para poner en alto, muy en alto, el nombre de nuestro estado, de la instituci\u00f3n y del gobernador Am\u00e9rico Villarreal Anaya, destacando a nivel nacional, como la entidad que la logrado la mejor participaci\u00f3n en este important\u00edsima actividad electoral.<\/p>\n<p class=\"x_MsoNormal\">El gobernador tamaulipeco, se notaba a leguas, orgulloso del reconocimiento hecho a la Universidad Aut\u00f3noma de Tamaulipas, una instituci\u00f3n, y a su profesional equipo, en quien s\u00ed se puede confiar, al sacar adelante todos los encargos que desde la oficina principal del 15 Ju\u00e1rez se han encomendado.<\/p>\n<p class=\"x_MsoNormal\">Por ejemplo, el jueves pasado, 6 de noviembre, en el Centro de Excelencia del Campus Victoria de nuestra querida UAT, en una reuni\u00f3n extraordinariamente bien coordinada, por el director de la Facultad de Derecho y Ciencias Sociales Victoria, el Dr. Edy Izaguirre Trevi\u00f1o, el representante personal de Ram\u00edrez Cuevas, Amaury Ram\u00edrez Contreras, destac\u00f3 la calidad y los resultados de la convocatoria emitida por la UAT.<\/p>\n<p class=\"x_MsoNormal\">Asimismo, adem\u00e1s de Ciudad Victoria, hubo sesiones en Tampico, Reynosa, Matamoros, Nuevo Laredo y Ciudad Mante.<\/p>\n<p class=\"x_MsoNormal\">\u00bfY el resultado? Destacado, muy destacado. 3,148 participantes se involucraron en este importante proyecto democr\u00e1tico, en donde, en persona o a distancia, presentaron sus propuestas para la Reforma Electoral que se espera sea presentada por la titular del Poder Ejecutivo Federal en el transcurso del a\u00f1o 2026, antes de que inicie el proceso federal electoral intermedio, en el mes de septiembre de ese mismo a\u00f1o.<\/p>\n<p class=\"x_MsoNormal\">Durante el evento del pasado 6 de noviembre, pudimos ser testigos de la participaci\u00f3n de profesionales del derecho, maestros universitarios, alumnos de instituciones de educaci\u00f3n superior, dirigentes de movimientos pol\u00edticos y sociales, legisladores locales y federales, y ciudadanos, quienes entienden la importancia de que M\u00e9xico cuente con un instrumento electoral que promueva y fortalezca la democracia y pavimente piso parejo para la construcci\u00f3n de una participaci\u00f3n mayoritaria que de legitimidad al poder pol\u00edtico institucional.<\/p>\n<p class=\"x_MsoNormal\">El 7 de noviembre, en la clausura de este ejercicio democr\u00e1tico, llevado a cabo en un Gimnasio Multidisciplinario Victoria de la UAT, lleno a su m\u00e1xima capacidad, encabezaron el evento el Gobernador de Tamaulipas, Dr. Am\u00e9rico Villarreal Anaya, quien fue el anfitri\u00f3n del Coordinador de Asesores de la presidenta de M\u00e9xico, la Dra. Claudia Sheimbaun Pardo, Jes\u00fas Ram\u00edrez Cuevas, y por supuesto el Rector de la Universidad Aut\u00f3noma de Tamaulipas, MVZ D\u00e1maso Anaya Alvarado.<\/p>\n<p class=\"x_MsoNormal\">Jes\u00fas Ram\u00edrez Cuevas, al hacer uno de la palabra, dijo: \u201cles quiero decir que estamos muy orgullosos de este proceso participativo de Tamaulipas, porque est\u00e1 demostrando el camino a la democracia.\u201d<\/p>\n<p class=\"x_MsoNormal\">Asimismo, el ex vocero de Andr\u00e9s Manuel L\u00f3pez Obrador durante la pasada administraci\u00f3n asegur\u00f3 que \u201cla pol\u00edtica, la cosa p\u00fablica, no es s\u00f3lo responsabilidad de los pol\u00edticos, sino que es responsabilidad de todos. Y hay un consenso nacional: queremos unas elecciones donde se respete el derecho ciudadano, donde los ciudadanos participemos y por ello la democracia es una conquista permanente que debe ser defendida siempre\u201d.<\/p>\n<p class=\"x_MsoNormal\">En su oportunidad, el gobernador de Tamaulipas, Am\u00e9rico Villarreal Anaya, afirm\u00f3 que \u201choy tenemos en la presidencia a una gran mujer, la primera presidenta de M\u00e9xico, con esa sensibilidad de apreciar esa inconformidad o presi\u00f3n social para hacer una reforma electoral, as\u00ed como se dio tambi\u00e9n en esta cuarta transformaci\u00f3n, una reforma del poder judicial y que estamos muy contentos con los resultados que estamos teniendo, y que siempre las cosas son perfectibles\u201d.<\/p>\n<p class=\"x_MsoNormal\">El mandatario tamaulipeco reconoci\u00f3 a Jes\u00fas Ram\u00edrez Cu\u00e9vas, Coordinador de Asesores de la Presidencia de la Rep\u00fablica, y encargado en la reforma electoral, \u201cpara consensuar e incorporar todas estas ideas que est\u00e1n surgiendo a lo largo y ancho de nuestra naci\u00f3n\u201d.<\/p>\n<p class=\"x_MsoNormal\">El Dr. Villarreal Anaya reconoci\u00f3 tambi\u00e9n al Rector de la Universidad Aut\u00f3noma de Tamaulipas, D\u00e1maso Anaya Alvarado, \u201cya que aprovechamos la log\u00edstica y la gran capacidad instalada de nuestra Universidad para levantar y consensuar entre todos los ciudadanos, como ya nos ha sido referido, la percepci\u00f3n de donde podemos tener mejoras en nuestro proceso electoral\u201d.<\/p>\n<p class=\"x_MsoNormal\">Tanto Jes\u00fas Ram\u00edrez Cuevas como Amaury Ram\u00edrez Contreras, durante su visita a Ciudad Victoria, reconocieron y destacaron el papel de Tamaulipas en este proceso de la Reforma Electoral, donde nuestra entidad destac\u00f3 a nivel nacional, reitero, por la pulcra organizaci\u00f3n impulsada por la Universidad Aut\u00f3noma de Tamaulipas, sus escuelas y facultades, y su capacidad de movilizaci\u00f3n de la sociedad civil organizada para presentar sus propuestas de cara a la inminente reforma electoral de M\u00e9xico.<\/p>\n<p class=\"x_MsoNormal\"><b>PD. 1.<\/b>\u00a0Este domingo, desde Palacio Nacional, la presidenta Claudia Sheinbaum Pardo, rodeada por su gabinete federal y el gobernador michoacano, Alfredo Ram\u00edrez Bedolla, present\u00f3 la estrategia de pacificaci\u00f3n para Michoac\u00e1n, pr\u00f3ximo a materializarse sobre 12 ejes que amalgaman seguridad, desarrollo social, infraestructura y justicia social en el acceso a la educaci\u00f3n, la salud, el empleo y la vivienda digna.<\/p>\n<p class=\"x_MsoNormal\">La titular del Ejecutivo federal, se\u00f1al\u00f3 que el Plan Michoac\u00e1n por la Paz y la Justicia ser\u00e1 la herramienta a trav\u00e9s de la cual la entidad ver\u00e1 la restituci\u00f3n de la paz, ello mediante una intervenci\u00f3n territorial, sin precedente alguno, donde convergen las actividades militares y policiales, as\u00ed como el mantenimiento del orden p\u00fablico, y las acciones de corte social, desarrollo y bienestar de la poblaci\u00f3n en aras de paliar y terminar con a\u00f1os de violencia, inseguridad y desigualdad en el estado. \u00bfEn cuanto tiempo se ver\u00e1n resultados en una entidad tan convulsa?<\/p>\n<p class=\"x_MsoNormal\">Gracias por recibirnos. Sus comentarios son bien recibidos en nuestro correo electr\u00f3nico\u00a0<a title=\"mailto:hipodromo.politico@gmail.com\" href=\"mailto:hipodromo.politico@gmail.com\" data-linkindex=\"0\">hipodromo.politico@gmail.com<\/a>. Y tambi\u00e9n estamos en Twitter @MXCarlosCortes.<\/p>\n","protected":false},"excerpt":{"rendered":"<p>LA UAT Y TAMAULIPAS HACEN HISTORIA EN LA REFORMA ELECTORAL &#8212; En su 75 Aniversario,&#8230;<\/p>\n","protected":false},"author":1,"featured_media":149900,"comment_status":"closed","ping_status":"closed","sticky":false,"template":"","format":"standard","meta":{"footnotes":"","jetpack_publicize_message":"","jetpack_publicize_feature_enabled":true,"jetpack_social_post_already_shared":true,"jetpack_social_options":{"image_generator_settings":{"template":"highway","default_image_id":0,"font":"","enabled":false},"version":2}},"categories":[23],"tags":[],"class_list":["post-186940","post","type-post","status-publish","format-standard","has-post-thumbnail","hentry","category-columnas"],"jetpack_publicize_connections":[],"_links":{"self":[{"href":"https:\/\/www.buroperiodistico.com.mx\/index.php?rest_route=\/wp\/v2\/posts\/186940","targetHints":{"allow":["GET"]}}],"collection":[{"href":"https:\/\/www.buroperiodistico.com.mx\/index.php?rest_route=\/wp\/v2\/posts"}],"about":[{"href":"https:\/\/www.buroperiodistico.com.mx\/index.php?rest_route=\/wp\/v2\/types\/post"}],"author":[{"embeddable":true,"href":"https:\/\/www.buroperiodistico.com.mx\/index.php?rest_route=\/wp\/v2\/users\/1"}],"replies":[{"embeddable":true,"href":"https:\/\/www.buroperiodistico.com.mx\/index.php?rest_route=%2Fwp%2Fv2%2Fcomments&post=186940"}],"version-history":[{"count":0,"href":"https:\/\/www.buroperiodistico.com.mx\/index.php?rest_route=\/wp\/v2\/posts\/186940\/revisions"}],"wp:featuredmedia":[{"embeddable":true,"href":"https:\/\/www.buroperiodistico.com.mx\/index.php?rest_route=\/wp\/v2\/media\/149900"}],"wp:attachment":[{"href":"https:\/\/www.buroperiodistico.com.mx\/index.php?rest_route=%2Fwp%2Fv2%2Fmedia&parent=186940"}],"wp:term":[{"taxonomy":"category","embeddable":true,"href":"https:\/\/www.buroperiodistico.com.mx\/index.php?rest_route=%2Fwp%2Fv2%2Fcategories&post=186940"},{"taxonomy":"post_tag","embeddable":true,"href":"https:\/\/www.buroperiodistico.com.mx\/index.php?rest_route=%2Fwp%2Fv2%2Ftags&post=186940"}],"curies":[{"name":"wp","href":"https:\/\/api.w.org\/{rel}","templated":true}]}}