{"id":186559,"date":"2025-11-06T21:34:44","date_gmt":"2025-11-07T03:34:44","guid":{"rendered":"https:\/\/www.buroperiodistico.com.mx\/?p=186559"},"modified":"2025-11-06T21:34:44","modified_gmt":"2025-11-07T03:34:44","slug":"aqui-rio-bravo-por-daniel-enrique-romero-aleman-656","status":"publish","type":"post","link":"https:\/\/www.buroperiodistico.com.mx\/?p=186559","title":{"rendered":"AQU\u00cd R\u00cdO BRAVO\/ Por Daniel Enrique ROMERO ALEM\u00c1N"},"content":{"rendered":"<ul>\n<li><strong><em>PRIMERO PASAN LAS COSAS Y DESPU\u00c9S VEREMOS<\/em><\/strong><\/li>\n<li><strong><em>CON TODO CONTRA EL ACOSADOR, Y AL VIOLADOR NADA<\/em><\/strong><\/li>\n<li><strong><em>NO TARDA EN DARSE UNA BATALLA CAMPAL<\/em><\/strong><\/li>\n<\/ul>\n<p><em><strong>(6-Noviembre-2025).-<\/strong><\/em> *Rara, muy rara, la manera de aplicar sus pol\u00edticas p\u00fablicas el Gobierno Federal que titula CLAUDIA SHEINBAUM PARDO.<\/p>\n<p>Mataron al l\u00edder limonero Bernardo Bravo y solo hubo condolencias, pero fue hasta que mataron a un segundo personaje de Michoac\u00e1n al alcalde de Uruapan Carlos Manzo, y que se pone manos a la obra hasta con un plan de paz y justicia; ello a ra\u00edz de las abundantes criticas por parte de sectores a nivel nacional y hasta mundial.<\/p>\n<p>Un sujeto alcoholizado y atrevido durante una caminata de la presidenta Sheinbaum, se acerc\u00f3 y le hizo tocamientos que amerit\u00f3 que fuera a la c\u00e1rcel, porque eso en la Ciudad de M\u00e9xico est\u00e1 tipificado como delito.<\/p>\n<p>Y que se pone manos a la obra, con unas ma\u00f1aneras pueblerinas muy tiernas durante el mi\u00e9rcoles y jueves, sobre este tema de los acosos sexuales, que hasta se va a buscar tapar los recovecos legales para que dichos ma\u00f1osos individuos no salgan del bote.<\/p>\n<p>Y hasta sacaron otro plan, que llevar\u00e1 el nombre: \u201cPlan Integral contra abuso sexual\u201d.<\/p>\n<p>Y ser\u00e1 en todo M\u00e9xico, pues las mujeres merecen respeto.<\/p>\n<p>Bonita cosa.<\/p>\n<p>Y mire usted, como es que \u201cLa Cuatrot\u00e9\u201d se va con todo en contra de un acosador y defiende a un violador como es el caso del diputado federal CUAUHT\u00c9MOC BLANCO, que hasta casa le ponen.<\/p>\n<p>Son chingaderas.<\/p>\n<p>*EN GIRA de trabajo por el municipio de Hidalgo el gobernador AM\u00c9RICO VILLARREAL ANAYA y acompa\u00f1ado por el alcalde PR\u00c1XEDIS GUAJARDO REYNA, anunci\u00f3 que ser\u00e1 el pr\u00f3ximo 12 de diciembre, una fecha de gran trascendencia para los mexicanos, cuando se entregue la primera etapa de la escultura monumental de la Virgen de la Misericordia, la m\u00e1s grande de Am\u00e9rica Latina, que se edifica en el Santuario de El Chorrito.<\/p>\n<p>Supervis\u00f3 los trabajos de cimentaci\u00f3n, donde se van colocando las diversas partes de acero que integran la obra de la maestra ELIZABETH PESQUERA, dando a conocer que la escultura tendr\u00e1 dos piezas de bronce que conforman sus ojos, las cuales han sido bendecidas por el Papa Le\u00f3n XIV.<\/p>\n<p>Expres\u00f3: \u201cVamos a conjuntar aqu\u00ed una situaci\u00f3n muy fuerte, espiritual y de motivaci\u00f3n, para que la gente venga con este marco de esta hermosa sierra a rezar, a pedir, a tener un rato de recogimiento y ver cu\u00e1les son los verdaderos valores y principios por los que debemos estar luchando los seres humanos para buscar bienestar\u201d.<\/p>\n<p>Como parte de su visita al poblado El Chorrito, Villarreal Anaya camin\u00f3 hasta el santuario donde se encuentra el nicho de la virgen y salud\u00f3 a los vecinos del lugar, quienes lo recibieron entusiastamente y le agradecieron las obras que realiza.<\/p>\n<p>M\u00e1s tarde, se traslad\u00f3 a la ex Hacienda de La Mesa, donde atendi\u00f3 a vecinos del ejido Guadalupe Victoria, con quienes se comprometi\u00f3 a buscar alternativas para impulsar su bienestar.<\/p>\n<p>Fue una gira de trabajo muy productiva y completa por aquel municipio, ya que visit\u00f3 la presa Pedro J. M\u00e9ndez, en donde se le expusieron tres proyectos que se presentaron a la Conagua, uno de ellos para la reparaci\u00f3n de las cortinas principales de este embalse, que ya se est\u00e1 trabajando con una autorizaci\u00f3n de 2.7 millones de pesos.<\/p>\n<p>Adem\u00e1s, se\u00f1al\u00f3 que esperan la aprobaci\u00f3n de otros dos proyectos; la reparaci\u00f3n de losas y compuertas en canales principales en la unidad de riego Pedro Jos\u00e9 M\u00e9ndez, por un mill\u00f3n 600 mil pesos y, otro, en la unidad de riego R\u00edo Blanco, por un mill\u00f3n 650 mil pesos.<\/p>\n<p>Para finalizar su estancia en el municipio, el gobernador sostuvo una reuni\u00f3n con los alcaldes de Villagr\u00e1n, San Carlos, Mainero y Padilla, a quienes reiter\u00f3 todo su apoyo para seguir trabajando en unidad y coordinaci\u00f3n en materia de seguridad p\u00fablica, obras p\u00fablicas, infraestructura carretera, apoyo al campo, electrificaci\u00f3n y programas federales.<\/p>\n<p>*CON ALFOMBRA roja recibe este viernes la alcaldesa de Suelo Neolaredense CARMEN LILIA CANTUROSAS VILLARREAL, a un gran n\u00famero de personalidades, entre ellas, al funcionario federal ANDR\u00c9S LAJOUS, y al gobernador AM\u00c9RICO VILLARREAL ANAYA, que llegan a esta frontera para ser testigos de un momento hist\u00f3rico: La colocaci\u00f3n de la primera piedra del tren Nuevo Laredo-Saltillo, un proyecto ferroviario de alta relevancia para el desarrollo log\u00edstico y econ\u00f3mico del norte del pa\u00eds e impulsado por la presidenta CLAUDIA SHEINBAUM PARDO.<\/p>\n<p>Carmen Lilia, en su reciente Informe de Gobierno hizo el anuncio de este d\u00eda tan memorable y que pone a Suelo Neolaredense en el epicentro del pa\u00eds.<\/p>\n<p>El gobernador Villarreal Anaya, coment\u00f3 que esta hist\u00f3rica ceremonia ser\u00e1 presidida por ANDR\u00c9S LAJOUS LOAEZA titular de la Agencia Reguladora del Transporte Ferroviario, contando adem\u00e1s con la participaci\u00f3n de autoridades municipales, representantes del sector y empresarios de la regi\u00f3n.<\/p>\n<p>Y destac\u00f3 que esta valioso e importante proyecto consolida a Tamaulipas y a Nuevo Laredo como nodos clave en el corredor econ\u00f3mico del noreste mexicano.<\/p>\n<p>Este jueves la alcaldesa Canturosas Villarreal, con el overol bien puesto estuvo en la colonia Naciones Unidad, para encabezar la jornada de bienestar social \u201cPresidencia Cerquita de TI\u201d, y escuchando a sus habitantes sus peticiones y se comprometi\u00f3 a continuar trabajando por su bienestar, especialmente con la construcci\u00f3n de espacios para la convivencia y recreaci\u00f3n familiar.<\/p>\n<p>Destacando: \u201cNuestro compromiso es seguir transformando Nuevo Laredo desde las colonias, escuchando directamente a las y los ciudadanos. Vamos a seguir creando espacios dignos donde las familias puedan convivir y disfrutar con seguridad\u201d.<\/p>\n<p>*SUCEDI\u00d3 lo que ten\u00eda que suceder en Uruapan, la destrozada pero valiente viuda GRECIA ITZEL QUIROZ GARC\u00cdA, en sesi\u00f3n extraordinaria del Congreso del Estado rindi\u00f3 protesta como alcaldesa sustituta de Uruapan, apenas cuatro d\u00edas despu\u00e9s del asesinato de su esposo, Carlos Alberto Manzo Rodr\u00edguez, durante un evento p\u00fablico por el D\u00eda de Muertos.<\/p>\n<p>Arropada por un fuerte operativo de seguridad y las consignas de ciudadanos que exig\u00edan justicia, Quiroz pronunci\u00f3 un discurso cargado de dolor y determinaci\u00f3n: \u201cVengo con el coraz\u00f3n destrozado, pero tambi\u00e9n con el valor que \u00e9l me ense\u00f1\u00f3\u201d.<\/p>\n<p>La nueva edil, de 35 a\u00f1os y con trayectoria en el DIF municipal, prometi\u00f3 continuar el legado de Manzo y mantener vivo el Movimiento del Sombrero, s\u00edmbolo de resistencia ciudadana en la regi\u00f3n.<\/p>\n<p>Pero tambi\u00e9n hubo reproches para el Gobierno Federal al afirmar qu\u00e9 triste y que desafortunado que tuvo que pasar esto para que voltean a ver Uruapan, qu\u00e9 triste y que desafortunadamente que tuvieron que arrebatarle la vida a Carlos Manzo, para que ahora s\u00ed quieran mandar seguridad, para que ahora s\u00ed quieran brindarnos seguridad, qu\u00e9 triste, porque \u00e9l lo grit\u00f3, porque \u00e9l pidi\u00f3 auxilio una y otra vez.<\/p>\n<p>\u00c9l tem\u00eda por su vida, \u00e9l tem\u00eda por la vida de sus hijos, por mi vida, y jam\u00e1s le hicieron caso, qu\u00e9 triste, pero hoy con esta entereza que s\u00e9 que \u00e9l me env\u00eda desde donde est\u00e1, con esta grandeza que solamente \u00e9l ten\u00eda para salir adelante, voy a seguir su legado y lo voy a hacer con una manera honrada limpia como \u00e9l lo hizo.<\/p>\n<p>*SOY DE la idea de que no tarda mucho en que se registre una batalla campal en el seno de la C\u00e1mara de Diputados entre los legisladores Morenistas y los del Partido Revolucionario Institucional o Acci\u00f3n Nacional, m\u00e1s con los del tricolor que son m\u00e1s entrones que los azules que son m\u00e1s tiernecitos.<\/p>\n<p>Los guinda defendiendo lo indefendible y los de la oposici\u00f3n haciendo ver la realidad, en el pa\u00eds en que viv\u00edamos.<\/p>\n<p>El mi\u00e9rcoles por la noche en la discusi\u00f3n por el presupuesto estuvo a punto de darse la batalla campal cuando los guinda exhibieron a \u201cAlito\u201d con una manta con la leyenda \u201codio a las pensiones\u201d; mientras que los priistas con una manta con la dizque l\u00edder de Morena MAR\u00cdA LUISA ALCALDE con la leyenda \u201cMorena, mat\u00f3 a Carlos Manzo\u201d.<\/p>\n<p>Afortunadamente se calmaron los \u00e1nimos, y hasta se tuvo un largo receso para que se enfriaran las cabecitas.<\/p>\n<p>Pero de que habr\u00e1 esa batalla campal, la habr\u00e1, pal baile.<\/p>\n<p>Chingao, ni en la lucha libre se da ese espect\u00e1culo que protagonizan los legisladores.<\/p>\n<p>*EN ASUNTOS meramente deportivos: EMILIANO MEJ\u00cdA MIGUEL, DAYANA DEL \u00c1NGEL y ARMANDO SANDOVAL, atletas tamaulipecos, obtuvieron resultados destacados en las pruebas de para atletismo dentro de los Juegos Parapanamericanos Juveniles Chile 2025, representando a Tamaulipas y a M\u00e9xico.<\/p>\n<p>Emiliano obtuvo la medalla de plata en la prueba de 400 metros categor\u00eda T37, logrando subir al podio continental tras una gran competencia.<\/p>\n<p>Dayana sum\u00f3 tres medallas de bronce en su participaci\u00f3n, al colocarse entre las mejores de su categor\u00eda en las pruebas de 100 metros T35, 200 metros T35 e impulso de bala F35-37.<\/p>\n<p>Armando finaliz\u00f3 en la cuarta posici\u00f3n en los 400 metros.<\/p>\n<p>*PORQUE a\u00fan ha tiempo no se le pase felicitar este jueves con motivo de su cumplea\u00f1os al pol\u00edtico de Suelo Reynosense LEONEL CANT\u00da ROBLES, OMAR POSADA y a mi estimado y apreciado cu\u00f1ado MART\u00cdN CH\u00c1VEZ.<\/p>\n<p>Un monumental abrazo y que vengan muchos m\u00e1s.<\/p>\n<p>Volveremos, HL\u2026D\u2026M\u2026<br \/>\nCorreo electr\u00f3nico: barre283@hotmail.com<\/p>\n","protected":false},"excerpt":{"rendered":"<p>PRIMERO PASAN LAS COSAS Y DESPU\u00c9S VEREMOS CON TODO CONTRA EL ACOSADOR, Y AL VIOLADOR&#8230;<\/p>\n","protected":false},"author":1,"featured_media":163744,"comment_status":"closed","ping_status":"closed","sticky":false,"template":"","format":"standard","meta":{"footnotes":"","jetpack_publicize_message":"","jetpack_publicize_feature_enabled":true,"jetpack_social_post_already_shared":true,"jetpack_social_options":{"image_generator_settings":{"template":"highway","default_image_id":0,"font":"","enabled":false},"version":2}},"categories":[23],"tags":[],"class_list":["post-186559","post","type-post","status-publish","format-standard","has-post-thumbnail","hentry","category-columnas"],"jetpack_publicize_connections":[],"_links":{"self":[{"href":"https:\/\/www.buroperiodistico.com.mx\/index.php?rest_route=\/wp\/v2\/posts\/186559","targetHints":{"allow":["GET"]}}],"collection":[{"href":"https:\/\/www.buroperiodistico.com.mx\/index.php?rest_route=\/wp\/v2\/posts"}],"about":[{"href":"https:\/\/www.buroperiodistico.com.mx\/index.php?rest_route=\/wp\/v2\/types\/post"}],"author":[{"embeddable":true,"href":"https:\/\/www.buroperiodistico.com.mx\/index.php?rest_route=\/wp\/v2\/users\/1"}],"replies":[{"embeddable":true,"href":"https:\/\/www.buroperiodistico.com.mx\/index.php?rest_route=%2Fwp%2Fv2%2Fcomments&post=186559"}],"version-history":[{"count":0,"href":"https:\/\/www.buroperiodistico.com.mx\/index.php?rest_route=\/wp\/v2\/posts\/186559\/revisions"}],"wp:featuredmedia":[{"embeddable":true,"href":"https:\/\/www.buroperiodistico.com.mx\/index.php?rest_route=\/wp\/v2\/media\/163744"}],"wp:attachment":[{"href":"https:\/\/www.buroperiodistico.com.mx\/index.php?rest_route=%2Fwp%2Fv2%2Fmedia&parent=186559"}],"wp:term":[{"taxonomy":"category","embeddable":true,"href":"https:\/\/www.buroperiodistico.com.mx\/index.php?rest_route=%2Fwp%2Fv2%2Fcategories&post=186559"},{"taxonomy":"post_tag","embeddable":true,"href":"https:\/\/www.buroperiodistico.com.mx\/index.php?rest_route=%2Fwp%2Fv2%2Ftags&post=186559"}],"curies":[{"name":"wp","href":"https:\/\/api.w.org\/{rel}","templated":true}]}}