{"id":186557,"date":"2025-11-06T21:33:23","date_gmt":"2025-11-07T03:33:23","guid":{"rendered":"https:\/\/www.buroperiodistico.com.mx\/?p=186557"},"modified":"2025-11-06T21:33:23","modified_gmt":"2025-11-07T03:33:23","slug":"cronicas-politicas-por-alberto-guerra-salazar-590","status":"publish","type":"post","link":"https:\/\/www.buroperiodistico.com.mx\/?p=186557","title":{"rendered":"CRONICAS POLITICAS\/ Por Alberto Guerra Salazar"},"content":{"rendered":"<p><strong><em>06 de noviembre 2025<\/em><\/strong><\/p>\n<p style=\"text-align: center;\"><strong>Nuevo Laredo en la Ma\u00f1anera<\/strong><\/p>\n<p>CIUDAD VICTORIA, (ASI).\u2014 Hoy es un d\u00eda hist\u00f3rico para Nuevo Laredo y Tamaulipas pues se inaugura la ruta del Tren del Norte, el transporte de pasajeros que se rescata y que conectar\u00e1 a Nuevo Laredo con la Ciudad de M\u00e9xico, recuperando movilidad clave para la ciudad fronteriza.<\/p>\n<p>Am\u00e9rico Villarreal Anaya en Nuevo Laredo y Claudia Sheinbaum Pardo en la Ciudad de M\u00e9xico, dar\u00e1n el banderazo simb\u00f3lico de salida que Carmen Lilia Cant\u00farosas Villarreal atestiguar\u00e1 en el territorio cuerudo.<\/p>\n<p>Carmen Lilia salud\u00f3 con entusiasmo la reactivaci\u00f3n del singular medio de transporte de pasajeros y destac\u00f3 que Nuevo Laredo consolida la infraestructura y conectividad que la ciudad necesita para su desarrollo.<\/p>\n<p>El tren cuenta con v\u00edas dedicadas, estaciones principales y secundaria con capacidad para desarrollar velocidades de hasta 200 kil\u00f3metro por hora, lo que en el arranque facilitar\u00e1 el transporte r\u00e1pido de pasajeros y m\u00e1s adelante, de carga comercial.<\/p>\n<p>La nueva ruta comercial del tren es una estrategia para revitalizar a nivel nacional el sistema ferroviario, ofreciendo alternativas sustentables al transporte de mercanc\u00edas y fortaleciendo la conectividad econ\u00f3mica de la regi\u00f3n.<\/p>\n<p>En otros temas, el Instituto de Previsi\u00f3n y Seguridad Social del Estado de Tamaulipas, IPSSET, dio a conocer a los derechohabientes que los tr\u00e1mites de pr\u00e9stamos econ\u00f3micos contin\u00faan disponibles durante el mes de noviembre y la primera semana de diciembre.<\/p>\n<p>La directora general del IPSSET, Sandra Ivonne Mej\u00eda B\u00e1rcenas, inform\u00f3 que por motivo del segundo per\u00edodo de vacaciones del presente a\u00f1o, los tr\u00e1mites para pr\u00e9stamos estar\u00e1n cerr\u00e1ndose el pr\u00f3ximo 8 de diciembre en las ventanillas de los m\u00f3dulos de Nuevo Laredo, Reynosa, Matamoros y Tampico, mientras que en las oficinas centrales y en la Torre Bicentenaria de Ciudad Victoria ser\u00e1 el 10 de diciembre.<\/p>\n<p>De enero de 2025 a la fecha, el IPSSET ha otorgado m\u00e1s de 745 millones de pesos en cr\u00e9ditos a m\u00e1s de 11 mil 500 trabajadores del gobierno del Estado, pensionados, que han acudido a realizar su tr\u00e1mite a ventanillas de Prestaciones Econ\u00f3micas.<\/p>\n<p>En Reynosa ser realiza la 10\u00aa. Feria Infantil de Ciencia, Tecnolog\u00eda y Arte, bajo el auspicio del Centro de Biotecnolog\u00eda Geon\u00f3mica del Instituto Polit\u00e9cnico Nacional en colaboraci\u00f3n con el Consejo Tamaulipeco de Ciencia y Tecnolog\u00eda, COTACYT.<\/p>\n<p>La feria efectuada en el marco de las Jornadas de Ciencia y Tecnolog\u00eda Tamaulipas mereci\u00f3 el pedido de la directora del plantel Armanda Alejandra Oliva Hern\u00e1ndez, de acercar la ciencia y la tecnolog\u00eda a la ni\u00f1ez y juventud tamaulipecas.<\/p>\n<p>En tanto que julio Mart\u00ednez Burnes, director general del COTACYT, subray\u00f3 el compromiso estrat\u00e9gico del gobierno del Estado, por impulsar la formaci\u00f3n de talento cient\u00edfico y tecnol\u00f3gico desde edades tempranas.<\/p>\n<p>Cambiamos de rumbo para avisar que el Rector de la UAT D\u00e1maso Anaya Alvarado encabez\u00f3 la ceremonia donde se inaugur\u00f3 un ejercicio acad\u00e9mico y ciudadano, Di\u00e1logos sobre la Reforma Electoral, donde se reforzar\u00e1 el sistema democr\u00e1tico nacional.<\/p>\n<p>Asistieron tambi\u00e9n el consejero presidente del Instituto Electoral de Tamaulipas, IETAM, Juan Jos\u00e9 Ramos Charre y Amaury Ram\u00edrez Castro, representante de Jes\u00fas Ram\u00edrez Cuevas, coordinador de asesores de la Presidencia de la Rep\u00fablica-.<\/p>\n<p>Este es un ejercicio abierto al pensamiento cr\u00edtico y a la reflexi\u00f3n colectiva en torno a los fundamentos de la vida p\u00fablica, donde el Rector expres\u00f3 se reconocimiento a la Presidenta Claudia Sheinbaum lo mismo que al Gobernador del Estado Am\u00e9rico Villarreal Anaya,<\/p>\n<p>En su turno de hablar, Juan Jos\u00e9 Ramos Charre agradeci\u00f3 la oportunidad de participar en este foro, destacando la importancia de construir una reforma con reglas claras, instituciones \u00edntegras y resultados confiables.<\/p>\n<p>Los Di\u00e1logos sobre la Reforma Electoral se organizaron los d\u00edas 6 y 7 de noviembre, en modalidad h\u00edbrida, en los campus de Nuevo Laredo, Reynosa, Matamoros, Victoria, Mante y Tampico, adem\u00e1s de otras sedes en modalidad virtual.<\/p>\n<p>Algunos temas que se abordan son libertad pol\u00edtica, competencia electoral, representaci\u00f3n ciudadana, financiamiento de campa\u00f1as, comunicaci\u00f3n pol\u00edtica y justicia electoral, entre otros.<\/p>\n<p>Los resultados y conclusiones de cada foro ser\u00e1n integrados en un documento acad\u00e9mico que concentrar\u00e1 las principales propuestas y reflexiones para el an\u00e1lisis nacional de la pr\u00f3xima reforma electoral.<\/p>\n<p>Correo electr\u00f3nico: albertoguerra65@hotmail.com<\/p>\n","protected":false},"excerpt":{"rendered":"<p>06 de noviembre 2025 Nuevo Laredo en la Ma\u00f1anera CIUDAD VICTORIA, (ASI).\u2014 Hoy es un&#8230;<\/p>\n","protected":false},"author":1,"featured_media":149413,"comment_status":"closed","ping_status":"closed","sticky":false,"template":"","format":"standard","meta":{"footnotes":"","jetpack_publicize_message":"","jetpack_publicize_feature_enabled":true,"jetpack_social_post_already_shared":true,"jetpack_social_options":{"image_generator_settings":{"template":"highway","default_image_id":0,"font":"","enabled":false},"version":2}},"categories":[23],"tags":[],"class_list":["post-186557","post","type-post","status-publish","format-standard","has-post-thumbnail","hentry","category-columnas"],"jetpack_publicize_connections":[],"_links":{"self":[{"href":"https:\/\/www.buroperiodistico.com.mx\/index.php?rest_route=\/wp\/v2\/posts\/186557","targetHints":{"allow":["GET"]}}],"collection":[{"href":"https:\/\/www.buroperiodistico.com.mx\/index.php?rest_route=\/wp\/v2\/posts"}],"about":[{"href":"https:\/\/www.buroperiodistico.com.mx\/index.php?rest_route=\/wp\/v2\/types\/post"}],"author":[{"embeddable":true,"href":"https:\/\/www.buroperiodistico.com.mx\/index.php?rest_route=\/wp\/v2\/users\/1"}],"replies":[{"embeddable":true,"href":"https:\/\/www.buroperiodistico.com.mx\/index.php?rest_route=%2Fwp%2Fv2%2Fcomments&post=186557"}],"version-history":[{"count":0,"href":"https:\/\/www.buroperiodistico.com.mx\/index.php?rest_route=\/wp\/v2\/posts\/186557\/revisions"}],"wp:featuredmedia":[{"embeddable":true,"href":"https:\/\/www.buroperiodistico.com.mx\/index.php?rest_route=\/wp\/v2\/media\/149413"}],"wp:attachment":[{"href":"https:\/\/www.buroperiodistico.com.mx\/index.php?rest_route=%2Fwp%2Fv2%2Fmedia&parent=186557"}],"wp:term":[{"taxonomy":"category","embeddable":true,"href":"https:\/\/www.buroperiodistico.com.mx\/index.php?rest_route=%2Fwp%2Fv2%2Fcategories&post=186557"},{"taxonomy":"post_tag","embeddable":true,"href":"https:\/\/www.buroperiodistico.com.mx\/index.php?rest_route=%2Fwp%2Fv2%2Ftags&post=186557"}],"curies":[{"name":"wp","href":"https:\/\/api.w.org\/{rel}","templated":true}]}}