{"id":186552,"date":"2025-11-06T21:28:58","date_gmt":"2025-11-07T03:28:58","guid":{"rendered":"https:\/\/www.buroperiodistico.com.mx\/?p=186552"},"modified":"2025-11-06T21:28:58","modified_gmt":"2025-11-07T03:28:58","slug":"senadora-olga-sosa-propone-que-acceso-a-la-energia-electrica-sea-considerado-derecho-humano","status":"publish","type":"post","link":"https:\/\/www.buroperiodistico.com.mx\/?p=186552","title":{"rendered":"Senadora Olga Sosa propone que acceso a la energ\u00eda el\u00e9ctrica sea considerado derecho humano"},"content":{"rendered":"<ul>\n<li><strong>Reforma constitucional enmarcada en los derechos sociales<\/strong><\/li>\n<\/ul>\n<p><strong><img loading=\"lazy\" decoding=\"async\" class=\" wp-image-186555 alignright\" src=\"https:\/\/www.buroperiodistico.com.mx\/wp-content\/uploads\/2025\/11\/Senax-1.jpeg\" alt=\"\" width=\"482\" height=\"278\" srcset=\"https:\/\/www.buroperiodistico.com.mx\/wp-content\/uploads\/2025\/11\/Senax-1.jpeg 1024w, https:\/\/www.buroperiodistico.com.mx\/wp-content\/uploads\/2025\/11\/Senax-1-300x173.jpeg 300w, https:\/\/www.buroperiodistico.com.mx\/wp-content\/uploads\/2025\/11\/Senax-1-768x443.jpeg 768w\" sizes=\"auto, (max-width: 482px) 100vw, 482px\" \/>CDMX (6-Noviembre-2025).-<\/strong> En reuni\u00f3n de trabajo de la comisi\u00f3n de Puntos Constitucionales del Senado de la Rep\u00fablica, la senadora tamaulipeca Olga Sosa Ru\u00edz present\u00f3 una reforma para reconocer el acceso a la energ\u00eda el\u00e9ctrica como derecho humano, argument\u00f3 que se trata de una \u201ccondici\u00f3n material indispensable para garantizar una vida digna, la salud, la educaci\u00f3n, la vivienda y el bienestar de las personas.\u201d<\/p>\n<p>Como parte del trabajo legislativo de evaluaci\u00f3n de las iniciativas de reformas constitucionales se contemplan elementos legales y sociales para ser dictaminadas, al respecto la senadora Sosa Ru\u00edz present\u00f3 una reforma al art\u00edculo cuarto partiendo del marco internacional que respaldan la propuesta para convertirla en derecho; entre ellos, el pacto internacional de Derechos Econ\u00f3micos, Sociales y Culturales, la observaci\u00f3n General del Comit\u00e9 de Derechos Econ\u00f3micos Sociales, as\u00ed como la convenci\u00f3n sobre la Eliminaci\u00f3n de Todas las Formas de Discriminaci\u00f3n contra la Mujer (CEDAW).<\/p>\n<p>Dentro de la argumentaci\u00f3n sostiene que la Suprema Corte de Justicia de la Naci\u00f3n (Tesis I.3o.C.100 K (10a), ha sostenido que \u201cel acceso a la energ\u00eda el\u00e9ctrica debe reconocerse como un derecho humano por ser un presupuesto indispensable para el goce de m\u00faltiples derechos fundamentales\u201d<\/p>\n<p>La senadora tambi\u00e9n coment\u00f3 que reconocer la energ\u00eda el\u00e9ctrica representa un elemento indispensable para el desarrollo humano y la igualdad social.<\/p>\n<p>\u201cReconocer constitucionalmente el acceso a la energ\u00eda el\u00e9ctrica como derecho humano se alinea con los principios de la Cuarta Transformaci\u00f3n: justicia social, igualdad sustantiva y bienestar para todas y todos. Bajo el liderazgo de nuestra presidenta, reafirmamos que primero los pobres no es solo un principio \u00e9tico, sino una gu\u00eda constitucional\u201d se\u00f1al\u00f3.<\/p>\n<p>Elevar este derecho al art\u00edculo 4\u00ba de la Constituci\u00f3n consolida la funci\u00f3n del Estado de acanzar la cobertura universal y pone el bienestar del pueblo en el centro de las pol\u00edticas p\u00fablicas.<\/p>\n<p>Adicionalmente, la senadora se reuni\u00f3 con Vicente G\u00f3mez Cobo, Presidente de Federaci\u00f3n Mexicana de Lecher\u00eda (FEMELECHE) para abordar temas de la ganader\u00eda y desarrollo rural como derecho al agua y a la alimentaci\u00f3n nutritiva, suficiente y de calidad.<\/p>\n<p><img loading=\"lazy\" decoding=\"async\" class=\"aligncenter size-full wp-image-186553\" src=\"https:\/\/www.buroperiodistico.com.mx\/wp-content\/uploads\/2025\/11\/Senax-I.jpeg\" alt=\"\" width=\"640\" height=\"347\" srcset=\"https:\/\/www.buroperiodistico.com.mx\/wp-content\/uploads\/2025\/11\/Senax-I.jpeg 640w, https:\/\/www.buroperiodistico.com.mx\/wp-content\/uploads\/2025\/11\/Senax-I-300x163.jpeg 300w\" sizes=\"auto, (max-width: 640px) 100vw, 640px\" \/> <img loading=\"lazy\" decoding=\"async\" class=\"aligncenter size-full wp-image-186554\" src=\"https:\/\/www.buroperiodistico.com.mx\/wp-content\/uploads\/2025\/11\/Senax-II.jpeg\" alt=\"\" width=\"640\" height=\"428\" srcset=\"https:\/\/www.buroperiodistico.com.mx\/wp-content\/uploads\/2025\/11\/Senax-II.jpeg 640w, https:\/\/www.buroperiodistico.com.mx\/wp-content\/uploads\/2025\/11\/Senax-II-300x201.jpeg 300w\" sizes=\"auto, (max-width: 640px) 100vw, 640px\" \/><\/p>\n","protected":false},"excerpt":{"rendered":"<p>Reforma constitucional enmarcada en los derechos sociales CDMX (6-Noviembre-2025).- En reuni\u00f3n de trabajo de la&#8230;<\/p>\n","protected":false},"author":1,"featured_media":186555,"comment_status":"closed","ping_status":"closed","sticky":false,"template":"","format":"standard","meta":{"footnotes":"","jetpack_publicize_message":"","jetpack_publicize_feature_enabled":true,"jetpack_social_post_already_shared":true,"jetpack_social_options":{"image_generator_settings":{"template":"highway","default_image_id":0,"font":"","enabled":false},"version":2}},"categories":[11],"tags":[],"class_list":["post-186552","post","type-post","status-publish","format-standard","has-post-thumbnail","hentry","category-nacional"],"jetpack_publicize_connections":[],"_links":{"self":[{"href":"https:\/\/www.buroperiodistico.com.mx\/index.php?rest_route=\/wp\/v2\/posts\/186552","targetHints":{"allow":["GET"]}}],"collection":[{"href":"https:\/\/www.buroperiodistico.com.mx\/index.php?rest_route=\/wp\/v2\/posts"}],"about":[{"href":"https:\/\/www.buroperiodistico.com.mx\/index.php?rest_route=\/wp\/v2\/types\/post"}],"author":[{"embeddable":true,"href":"https:\/\/www.buroperiodistico.com.mx\/index.php?rest_route=\/wp\/v2\/users\/1"}],"replies":[{"embeddable":true,"href":"https:\/\/www.buroperiodistico.com.mx\/index.php?rest_route=%2Fwp%2Fv2%2Fcomments&post=186552"}],"version-history":[{"count":0,"href":"https:\/\/www.buroperiodistico.com.mx\/index.php?rest_route=\/wp\/v2\/posts\/186552\/revisions"}],"wp:featuredmedia":[{"embeddable":true,"href":"https:\/\/www.buroperiodistico.com.mx\/index.php?rest_route=\/wp\/v2\/media\/186555"}],"wp:attachment":[{"href":"https:\/\/www.buroperiodistico.com.mx\/index.php?rest_route=%2Fwp%2Fv2%2Fmedia&parent=186552"}],"wp:term":[{"taxonomy":"category","embeddable":true,"href":"https:\/\/www.buroperiodistico.com.mx\/index.php?rest_route=%2Fwp%2Fv2%2Fcategories&post=186552"},{"taxonomy":"post_tag","embeddable":true,"href":"https:\/\/www.buroperiodistico.com.mx\/index.php?rest_route=%2Fwp%2Fv2%2Ftags&post=186552"}],"curies":[{"name":"wp","href":"https:\/\/api.w.org\/{rel}","templated":true}]}}