{"id":186499,"date":"2025-11-06T16:59:02","date_gmt":"2025-11-06T22:59:02","guid":{"rendered":"https:\/\/www.buroperiodistico.com.mx\/?p=186499"},"modified":"2025-11-06T16:59:11","modified_gmt":"2025-11-06T22:59:11","slug":"mediadoras-y-mediadores-de-lectura-de-tamaulipas-estaran-en-la-feria-internacional-del-libro-infantil-y-juvenil-en-la-ciudad-de-mexico","status":"publish","type":"post","link":"https:\/\/www.buroperiodistico.com.mx\/?p=186499","title":{"rendered":"Mediadoras y mediadores de lectura de Tamaulipas estar\u00e1n en la Feria Internacional del Libro Infantil y Juvenil en la Ciudad de M\u00e9xico"},"content":{"rendered":"<p><em><strong><img loading=\"lazy\" decoding=\"async\" class=\" wp-image-186501 alignright\" src=\"https:\/\/www.buroperiodistico.com.mx\/wp-content\/uploads\/2025\/11\/ICAMexico.jpeg\" alt=\"\" width=\"517\" height=\"291\" srcset=\"https:\/\/www.buroperiodistico.com.mx\/wp-content\/uploads\/2025\/11\/ICAMexico.jpeg 1024w, https:\/\/www.buroperiodistico.com.mx\/wp-content\/uploads\/2025\/11\/ICAMexico-300x169.jpeg 300w, https:\/\/www.buroperiodistico.com.mx\/wp-content\/uploads\/2025\/11\/ICAMexico-768x432.jpeg 768w\" sizes=\"auto, (max-width: 517px) 100vw, 517px\" \/>Ciudad Victoria, Tamaulipas (6-Noviembre-2025).-<\/strong><\/em> Representando a las regiones norte, centro y sur de Tamaulipas, 10 mediadoras y mediadores de lectura, pertenecientes al Programa Nacional Salas de Lectura en el estado participar\u00e1n este viernes 7 de noviembre en la edici\u00f3n 43 de la FILIJ Ciudad de M\u00e9xico.<\/p>\n<p>\u00abEstamos muy agradecidos con todas las personas integrantes del voluntariado del Programa Nacional de Salas de Lectura Tamaulipas que atendieron la convocatoria, gracias a ello se pudo integrar un conjunto de mediadores y mediadoras con gran trayectoria\u00bb, destac\u00f3 Julio Pesina, director de Publicaciones y Fomento Literario del Instituto Tamaulipeco para la Cultura y las Artes.<\/p>\n<p>De la regi\u00f3n norte asistir\u00e1n Martha Garza (Matamoros) y Mario Trevi\u00f1o (Reynosa); de la regi\u00f3n centro acuden Isela Vega, Reyna Elizabeth Morales y Dina Vel\u00e1zquez (Victoria); mientras que la regi\u00f3n sur 1 va representada por Dulce Salas (Altamira), Dolores Lazcano (Ciudad Madero) y Marco Rivas (Tampico).<\/p>\n<p>Finalmente, de la regi\u00f3n sur 2 acudir\u00e1n Alejandra Ayala y Patricia R\u00edos (Mante), siendo la primera ocasi\u00f3n en que las personas mediadoras de lectura de Tamaulipas tendr\u00e1n una participaci\u00f3n protag\u00f3nica en la programaci\u00f3n de esta importante Feria literaria, integrando sus participaciones con talleres, conferencias y proyectos de fomento a la lectura y narraci\u00f3n oral.<\/p>\n<p>\u00abCada uno de ellos cuenta con una s\u00f3lida formaci\u00f3n en el tema de mediaci\u00f3n lectora, todos participaron de la convocatoria que se emiti\u00f3 en el mes de octubre para integrar la delegaci\u00f3n Tamaulipas, y es un reconocimiento a su esfuerzo, ya que tienen una historia de entrega y compromiso en la formaci\u00f3n de comunidades lectoras en los distintos municipios del estado\u00bb, agreg\u00f3 Pesina.<\/p>\n<p>Gracias al apoyo del Gobierno de Tamaulipas, a trav\u00e9s de la Secretar\u00eda de Bienestar Social y el Instituto Tamaulipeco para la Cultura y las Artes, las mediadoras y mediadores estar\u00e1n representando al estado del 7 al 10 de noviembre, dando fe de lo que realizan en las Salas de Lectura de sus municipios.<\/p>\n<p>Julio Pesina se\u00f1al\u00f3 que la participaci\u00f3n en este evento nacional, de las y los mediadores de lectura, sienta un precedente sobre la pol\u00edtica cultural que impulsa el gobernador Am\u00e9rico Villarreal Anaya, garantizando que seguir\u00e1n creciendo y destac\u00e1ndose las iniciativas enfocadas a fortalecer la lectura y las manifestaciones art\u00edsticas y culturales entre ni\u00f1as, ni\u00f1os y j\u00f3venes.<\/p>\n","protected":false},"excerpt":{"rendered":"<p>Ciudad Victoria, Tamaulipas (6-Noviembre-2025).- Representando a las regiones norte, centro y sur de Tamaulipas, 10&#8230;<\/p>\n","protected":false},"author":1,"featured_media":186501,"comment_status":"closed","ping_status":"closed","sticky":false,"template":"","format":"standard","meta":{"footnotes":"","jetpack_publicize_message":"","jetpack_publicize_feature_enabled":true,"jetpack_social_post_already_shared":true,"jetpack_social_options":{"image_generator_settings":{"template":"highway","default_image_id":0,"font":"","enabled":false},"version":2}},"categories":[10],"tags":[],"class_list":["post-186499","post","type-post","status-publish","format-standard","has-post-thumbnail","hentry","category-tamaulipas"],"jetpack_publicize_connections":[],"_links":{"self":[{"href":"https:\/\/www.buroperiodistico.com.mx\/index.php?rest_route=\/wp\/v2\/posts\/186499","targetHints":{"allow":["GET"]}}],"collection":[{"href":"https:\/\/www.buroperiodistico.com.mx\/index.php?rest_route=\/wp\/v2\/posts"}],"about":[{"href":"https:\/\/www.buroperiodistico.com.mx\/index.php?rest_route=\/wp\/v2\/types\/post"}],"author":[{"embeddable":true,"href":"https:\/\/www.buroperiodistico.com.mx\/index.php?rest_route=\/wp\/v2\/users\/1"}],"replies":[{"embeddable":true,"href":"https:\/\/www.buroperiodistico.com.mx\/index.php?rest_route=%2Fwp%2Fv2%2Fcomments&post=186499"}],"version-history":[{"count":0,"href":"https:\/\/www.buroperiodistico.com.mx\/index.php?rest_route=\/wp\/v2\/posts\/186499\/revisions"}],"wp:featuredmedia":[{"embeddable":true,"href":"https:\/\/www.buroperiodistico.com.mx\/index.php?rest_route=\/wp\/v2\/media\/186501"}],"wp:attachment":[{"href":"https:\/\/www.buroperiodistico.com.mx\/index.php?rest_route=%2Fwp%2Fv2%2Fmedia&parent=186499"}],"wp:term":[{"taxonomy":"category","embeddable":true,"href":"https:\/\/www.buroperiodistico.com.mx\/index.php?rest_route=%2Fwp%2Fv2%2Fcategories&post=186499"},{"taxonomy":"post_tag","embeddable":true,"href":"https:\/\/www.buroperiodistico.com.mx\/index.php?rest_route=%2Fwp%2Fv2%2Ftags&post=186499"}],"curies":[{"name":"wp","href":"https:\/\/api.w.org\/{rel}","templated":true}]}}