{"id":186496,"date":"2025-11-06T16:34:48","date_gmt":"2025-11-06T22:34:48","guid":{"rendered":"https:\/\/www.buroperiodistico.com.mx\/?p=186496"},"modified":"2025-11-06T16:34:48","modified_gmt":"2025-11-06T22:34:48","slug":"invita-gobierno-de-carlos-pena-ortiz-a-disfrutar-de-cartelera-cultural-dominical-2","status":"publish","type":"post","link":"https:\/\/www.buroperiodistico.com.mx\/?p=186496","title":{"rendered":"Invita Gobierno de Carlos Pe\u00f1a Ortiz a disfrutar de cartelera cultural dominical"},"content":{"rendered":"<p><em><strong><img loading=\"lazy\" decoding=\"async\" class=\" wp-image-186497 alignright\" src=\"https:\/\/www.buroperiodistico.com.mx\/wp-content\/uploads\/2025\/11\/Ircax-2.jpg\" alt=\"\" width=\"475\" height=\"257\" srcset=\"https:\/\/www.buroperiodistico.com.mx\/wp-content\/uploads\/2025\/11\/Ircax-2.jpg 1110w, https:\/\/www.buroperiodistico.com.mx\/wp-content\/uploads\/2025\/11\/Ircax-2-300x162.jpg 300w, https:\/\/www.buroperiodistico.com.mx\/wp-content\/uploads\/2025\/11\/Ircax-2-1024x554.jpg 1024w, https:\/\/www.buroperiodistico.com.mx\/wp-content\/uploads\/2025\/11\/Ircax-2-768x415.jpg 768w\" sizes=\"auto, (max-width: 475px) 100vw, 475px\" \/>Reynosa, Tam (6-Noviembre-2025).-<\/strong><\/em> Atendiendo las indicaciones del Presidente Municipal Carlos Pe\u00f1a Ortiz, el Instituto Reynosense para la Cultura y las Artes extiende una invitaci\u00f3n a la ciudadan\u00eda para asistir a las actividades art\u00edsticas gratuitas programadas para este domingo 9 de noviembre.<\/p>\n<p>A las 17:00 P. M., en el kiosco de la plaza principal Miguel Hidalgo, se presentar\u00e1 la Banda Sinf\u00f3nica Municipal \u201cMaestro El\u00edas Valenzuela\u201d, bajo la direcci\u00f3n del Maestro Enrique Mart\u00ednez Ruiz.<\/p>\n<p>M\u00e1s tarde, a las 6:00 P. M., en la plaza Trevi\u00f1o Zapata de la colonia Longoria, se celebrar\u00e1 el tradicional Domingo de Danz\u00f3n, con la participaci\u00f3n de los Maestros Josu\u00e9 Carlos Rodr\u00edguez Vega y Yerania Ymelda Z\u00fa\u00f1iga Rodr\u00edguez, quienes compartir\u00e1n sus conocimientos en este g\u00e9nero danc\u00edstico.<\/p>\n<p>#ReynosaImparable #Reynosa #Tamaulipas<\/p>\n","protected":false},"excerpt":{"rendered":"<p>Reynosa, Tam (6-Noviembre-2025).- Atendiendo las indicaciones del Presidente Municipal Carlos Pe\u00f1a Ortiz, el Instituto Reynosense&#8230;<\/p>\n","protected":false},"author":1,"featured_media":186497,"comment_status":"closed","ping_status":"closed","sticky":false,"template":"","format":"standard","meta":{"footnotes":"","jetpack_publicize_message":"","jetpack_publicize_feature_enabled":true,"jetpack_social_post_already_shared":true,"jetpack_social_options":{"image_generator_settings":{"template":"highway","default_image_id":0,"font":"","enabled":false},"version":2}},"categories":[9],"tags":[],"class_list":["post-186496","post","type-post","status-publish","format-standard","has-post-thumbnail","hentry","category-reynosa"],"jetpack_publicize_connections":[],"_links":{"self":[{"href":"https:\/\/www.buroperiodistico.com.mx\/index.php?rest_route=\/wp\/v2\/posts\/186496","targetHints":{"allow":["GET"]}}],"collection":[{"href":"https:\/\/www.buroperiodistico.com.mx\/index.php?rest_route=\/wp\/v2\/posts"}],"about":[{"href":"https:\/\/www.buroperiodistico.com.mx\/index.php?rest_route=\/wp\/v2\/types\/post"}],"author":[{"embeddable":true,"href":"https:\/\/www.buroperiodistico.com.mx\/index.php?rest_route=\/wp\/v2\/users\/1"}],"replies":[{"embeddable":true,"href":"https:\/\/www.buroperiodistico.com.mx\/index.php?rest_route=%2Fwp%2Fv2%2Fcomments&post=186496"}],"version-history":[{"count":0,"href":"https:\/\/www.buroperiodistico.com.mx\/index.php?rest_route=\/wp\/v2\/posts\/186496\/revisions"}],"wp:featuredmedia":[{"embeddable":true,"href":"https:\/\/www.buroperiodistico.com.mx\/index.php?rest_route=\/wp\/v2\/media\/186497"}],"wp:attachment":[{"href":"https:\/\/www.buroperiodistico.com.mx\/index.php?rest_route=%2Fwp%2Fv2%2Fmedia&parent=186496"}],"wp:term":[{"taxonomy":"category","embeddable":true,"href":"https:\/\/www.buroperiodistico.com.mx\/index.php?rest_route=%2Fwp%2Fv2%2Fcategories&post=186496"},{"taxonomy":"post_tag","embeddable":true,"href":"https:\/\/www.buroperiodistico.com.mx\/index.php?rest_route=%2Fwp%2Fv2%2Ftags&post=186496"}],"curies":[{"name":"wp","href":"https:\/\/api.w.org\/{rel}","templated":true}]}}