{"id":186476,"date":"2025-11-06T16:13:40","date_gmt":"2025-11-06T22:13:40","guid":{"rendered":"https:\/\/www.buroperiodistico.com.mx\/?p=186476"},"modified":"2025-11-06T16:13:40","modified_gmt":"2025-11-06T22:13:40","slug":"entrega-stps-constancias-de-capacitacion-y-actualizacion-a-personal-de-inspeccion-y-prevision-social","status":"publish","type":"post","link":"https:\/\/www.buroperiodistico.com.mx\/?p=186476","title":{"rendered":"Entrega STPS constancias de capacitaci\u00f3n y actualizaci\u00f3n a personal de Inspecci\u00f3n y Previsi\u00f3n Social"},"content":{"rendered":"<p><em><strong><img loading=\"lazy\" decoding=\"async\" class=\" wp-image-186482 alignright\" src=\"https:\/\/www.buroperiodistico.com.mx\/wp-content\/uploads\/2025\/11\/STRSocial.jpeg\" alt=\"\" width=\"494\" height=\"309\" srcset=\"https:\/\/www.buroperiodistico.com.mx\/wp-content\/uploads\/2025\/11\/STRSocial.jpeg 1024w, https:\/\/www.buroperiodistico.com.mx\/wp-content\/uploads\/2025\/11\/STRSocial-300x188.jpeg 300w, https:\/\/www.buroperiodistico.com.mx\/wp-content\/uploads\/2025\/11\/STRSocial-768x481.jpeg 768w\" sizes=\"auto, (max-width: 494px) 100vw, 494px\" \/>Ciudad Victoria, Tamaulipas (6-Noviembre-2025).-<\/strong><\/em> La Secretar\u00eda del Trabajo y Previsi\u00f3n Social de Tamaulipas, que encabeza Luis Gerardo Illoldi Reyes, llev\u00f3 a cabo la entrega de constancias del curso \u201cCapacitaci\u00f3n y Actualizaci\u00f3n para fortalecer el desempe\u00f1o profesional del personal de Inspecci\u00f3n y Previsi\u00f3n Social\u201d, con el prop\u00f3sito de reconocer la formaci\u00f3n y el compromiso del personal que diariamente vela por el cumplimiento de la legislaci\u00f3n laboral en el estado.<\/p>\n<p>El acto tuvo como objetivo formalizar la participaci\u00f3n del personal de la Direcci\u00f3n General de Inspecci\u00f3n y Previsi\u00f3n Social en un programa integral de capacitaci\u00f3n desarrollado en coordinaci\u00f3n con el Centro de Innovaci\u00f3n y Transferencia del Conocimiento (CINOTAM) de la Universidad Aut\u00f3noma de Tamaulipas (UAT), enfocado en fortalecer conocimientos en materia de inspecci\u00f3n laboral, normatividad aplicable, \u00e9tica y funci\u00f3n p\u00fablica.<\/p>\n<p>Durante el evento participaron: Hugo Silva Lav\u00edn, director del Centro de Innovaci\u00f3n y Transferencia del Conocimiento, en representaci\u00f3n del rector de la UAT, D\u00e1maso Anaya Alvarado; Carolina Iveth Mart\u00ednez Molano, Subsecretaria de Empleo y Productividad Laboral; Consuelo Nayeli Lara Monroy, directora general de Inspecci\u00f3n y Previsi\u00f3n Social; Mario Antonio R\u00edos Ch\u00e1vez, en representaci\u00f3n de Iv\u00e1n Karim Rocha Picazo, titular de la Oficina de Representaci\u00f3n Federal del Trabajo en Tamaulipas Zona Centro y Jes\u00fas Gerardo Delgado Rivas, director de la Facultad de Comercio y Administraci\u00f3n Victoria (FCAV).<\/p>\n<p>Durante su intervenci\u00f3n, el secretario Luis Gerardo Illoldi Reyes destac\u00f3 que este proceso de capacitaci\u00f3n, \u201crefuerza la profesionalizaci\u00f3n del servicio p\u00fablico y eleva la calidad t\u00e9cnica y jur\u00eddica de las inspecciones laborales en Tamaulipas\u201d, adem\u00e1s de contribuir a la mejora en la atenci\u00f3n de los centros de trabajo y promover un desempe\u00f1o m\u00e1s \u00e9tico, transparente y eficiente del personal inspector.<\/p>\n<p>La entrega de constancias representa la culminaci\u00f3n de un proceso de formaci\u00f3n que forma parte de la estrategia estatal para consolidar una administraci\u00f3n laboral moderna, profesional y comprometida con la seguridad, la justicia y la legalidad en el \u00e1mbito laboral.<\/p>\n<p>Illoldi Reyes dijo que con esta acci\u00f3n, la STPS Tamaulipas reafirma su compromiso con la capacitaci\u00f3n continua y la mejora del servicio p\u00fablico, fortaleciendo la colaboraci\u00f3n institucional con la Universidad Aut\u00f3noma de Tamaulipas en beneficio del desarrollo laboral del estado.<\/p>\n<p><img loading=\"lazy\" decoding=\"async\" class=\"aligncenter size-full wp-image-186478\" src=\"https:\/\/www.buroperiodistico.com.mx\/wp-content\/uploads\/2025\/11\/STRSocial-I.jpeg\" alt=\"\" width=\"640\" height=\"427\" srcset=\"https:\/\/www.buroperiodistico.com.mx\/wp-content\/uploads\/2025\/11\/STRSocial-I.jpeg 640w, https:\/\/www.buroperiodistico.com.mx\/wp-content\/uploads\/2025\/11\/STRSocial-I-300x200.jpeg 300w\" sizes=\"auto, (max-width: 640px) 100vw, 640px\" \/> <img loading=\"lazy\" decoding=\"async\" class=\"aligncenter size-full wp-image-186481\" src=\"https:\/\/www.buroperiodistico.com.mx\/wp-content\/uploads\/2025\/11\/STRSocial-IIII.jpeg\" alt=\"\" width=\"640\" height=\"427\" srcset=\"https:\/\/www.buroperiodistico.com.mx\/wp-content\/uploads\/2025\/11\/STRSocial-IIII.jpeg 640w, https:\/\/www.buroperiodistico.com.mx\/wp-content\/uploads\/2025\/11\/STRSocial-IIII-300x200.jpeg 300w\" sizes=\"auto, (max-width: 640px) 100vw, 640px\" \/> <img loading=\"lazy\" decoding=\"async\" class=\"aligncenter size-full wp-image-186480\" src=\"https:\/\/www.buroperiodistico.com.mx\/wp-content\/uploads\/2025\/11\/STRSocial-III.jpeg\" alt=\"\" width=\"640\" height=\"427\" srcset=\"https:\/\/www.buroperiodistico.com.mx\/wp-content\/uploads\/2025\/11\/STRSocial-III.jpeg 640w, https:\/\/www.buroperiodistico.com.mx\/wp-content\/uploads\/2025\/11\/STRSocial-III-300x200.jpeg 300w\" sizes=\"auto, (max-width: 640px) 100vw, 640px\" \/> <img loading=\"lazy\" decoding=\"async\" class=\"aligncenter size-full wp-image-186479\" src=\"https:\/\/www.buroperiodistico.com.mx\/wp-content\/uploads\/2025\/11\/STRSocial-II.jpeg\" alt=\"\" width=\"640\" height=\"427\" srcset=\"https:\/\/www.buroperiodistico.com.mx\/wp-content\/uploads\/2025\/11\/STRSocial-II.jpeg 640w, https:\/\/www.buroperiodistico.com.mx\/wp-content\/uploads\/2025\/11\/STRSocial-II-300x200.jpeg 300w\" sizes=\"auto, (max-width: 640px) 100vw, 640px\" \/><\/p>\n","protected":false},"excerpt":{"rendered":"<p>Ciudad Victoria, Tamaulipas (6-Noviembre-2025).- La Secretar\u00eda del Trabajo y Previsi\u00f3n Social de Tamaulipas, que encabeza&#8230;<\/p>\n","protected":false},"author":1,"featured_media":186482,"comment_status":"closed","ping_status":"closed","sticky":false,"template":"","format":"standard","meta":{"footnotes":"","jetpack_publicize_message":"","jetpack_publicize_feature_enabled":true,"jetpack_social_post_already_shared":true,"jetpack_social_options":{"image_generator_settings":{"template":"highway","default_image_id":0,"font":"","enabled":false},"version":2}},"categories":[10],"tags":[],"class_list":["post-186476","post","type-post","status-publish","format-standard","has-post-thumbnail","hentry","category-tamaulipas"],"jetpack_publicize_connections":[],"_links":{"self":[{"href":"https:\/\/www.buroperiodistico.com.mx\/index.php?rest_route=\/wp\/v2\/posts\/186476","targetHints":{"allow":["GET"]}}],"collection":[{"href":"https:\/\/www.buroperiodistico.com.mx\/index.php?rest_route=\/wp\/v2\/posts"}],"about":[{"href":"https:\/\/www.buroperiodistico.com.mx\/index.php?rest_route=\/wp\/v2\/types\/post"}],"author":[{"embeddable":true,"href":"https:\/\/www.buroperiodistico.com.mx\/index.php?rest_route=\/wp\/v2\/users\/1"}],"replies":[{"embeddable":true,"href":"https:\/\/www.buroperiodistico.com.mx\/index.php?rest_route=%2Fwp%2Fv2%2Fcomments&post=186476"}],"version-history":[{"count":0,"href":"https:\/\/www.buroperiodistico.com.mx\/index.php?rest_route=\/wp\/v2\/posts\/186476\/revisions"}],"wp:featuredmedia":[{"embeddable":true,"href":"https:\/\/www.buroperiodistico.com.mx\/index.php?rest_route=\/wp\/v2\/media\/186482"}],"wp:attachment":[{"href":"https:\/\/www.buroperiodistico.com.mx\/index.php?rest_route=%2Fwp%2Fv2%2Fmedia&parent=186476"}],"wp:term":[{"taxonomy":"category","embeddable":true,"href":"https:\/\/www.buroperiodistico.com.mx\/index.php?rest_route=%2Fwp%2Fv2%2Fcategories&post=186476"},{"taxonomy":"post_tag","embeddable":true,"href":"https:\/\/www.buroperiodistico.com.mx\/index.php?rest_route=%2Fwp%2Fv2%2Ftags&post=186476"}],"curies":[{"name":"wp","href":"https:\/\/api.w.org\/{rel}","templated":true}]}}