{"id":186472,"date":"2025-11-06T16:07:06","date_gmt":"2025-11-06T22:07:06","guid":{"rendered":"https:\/\/www.buroperiodistico.com.mx\/?p=186472"},"modified":"2025-11-06T16:07:06","modified_gmt":"2025-11-06T22:07:06","slug":"promueven-cotacyt-y-cbg-ipn-vocaciones-cientificas-en-la-10a-feria-de-ciencia-tecnologia-y-arte","status":"publish","type":"post","link":"https:\/\/www.buroperiodistico.com.mx\/?p=186472","title":{"rendered":"Promueven COTACYT y CBG-IPN vocaciones cient\u00edficas en la 10\u00aa Feria de Ciencia, Tecnolog\u00eda y Arte"},"content":{"rendered":"<p><em><strong><img loading=\"lazy\" decoding=\"async\" class=\" wp-image-186474 alignright\" src=\"https:\/\/www.buroperiodistico.com.mx\/wp-content\/uploads\/2025\/11\/COTArte.jpeg\" alt=\"\" width=\"502\" height=\"303\" srcset=\"https:\/\/www.buroperiodistico.com.mx\/wp-content\/uploads\/2025\/11\/COTArte.jpeg 1024w, https:\/\/www.buroperiodistico.com.mx\/wp-content\/uploads\/2025\/11\/COTArte-300x181.jpeg 300w, https:\/\/www.buroperiodistico.com.mx\/wp-content\/uploads\/2025\/11\/COTArte-768x464.jpeg 768w\" sizes=\"auto, (max-width: 502px) 100vw, 502px\" \/>Reynosa, Tamaulipas (6-Noviembre-2025).-<\/strong><\/em> Con el prop\u00f3sito de despertar la curiosidad, la creatividad y el pensamiento cr\u00edtico en ni\u00f1as, ni\u00f1os y j\u00f3venes, el Centro de Biotecnolog\u00eda Gen\u00f3mica (CBG) del Instituto Polit\u00e9cnico Nacional (IPN), en colaboraci\u00f3n con el Consejo Tamaulipeco de Ciencia y Tecnolog\u00eda (COTACYT), realiza la 10\u00aa Feria Infantil de Ciencia, Tecnolog\u00eda y Arte en el municipio de Reynosa.<\/p>\n<p>La feria, efectuada en el marco de las Jornadas de Ciencia y Tecnolog\u00eda Tamaulipas 2025 y la Semana Nacional del Conocimiento y la Innovaci\u00f3n, es impulsada por la Red Nacional de Consejos y Organismos Estatales de Ciencia y Tecnolog\u00eda (REDNACECYT).<\/p>\n<p>Durante la ceremonia de inauguraci\u00f3n en las instalaciones del CBG-IPN, Amanda Alejandra Oliva Hern\u00e1ndez, directora de la instituci\u00f3n, destac\u00f3 la necesidad de acercar la ciencia y la tecnolog\u00eda a la ni\u00f1ez y juventud tamaulipeca.<\/p>\n<p>Por su parte, Julio Mart\u00ednez Burnes, director general del COTACYT, subray\u00f3 el compromiso estrat\u00e9gico del Gobierno del Estado, dirigido por Am\u00e9rico Villarreal Anaya, y de la Secretar\u00eda de Educaci\u00f3n de Tamaulipas, a cargo de Miguel \u00c1ngel Valdez Garc\u00eda, por impulsar la formaci\u00f3n de talento cient\u00edfico y tecnol\u00f3gico desde edades tempranas.<\/p>\n<p>Durante la ceremonia inaugural, se reconoci\u00f3 al Dr. Gaspar Manuel Parra Bracamonte, galardonado con el Premio Estatal de Ciencia, Tecnolog\u00eda e Innovaci\u00f3n 2025 en la categor\u00eda de Ciencia, por su productiva trayectoria acad\u00e9mica y contribuci\u00f3n al desarrollo cient\u00edfico de Tamaulipas.<\/p>\n<p>Asimismo, se rindi\u00f3 un homenaje p\u00f3stumo a la Dra. Julieta Fierro, pionera de la divulgaci\u00f3n de la ciencia en el pa\u00eds, cuyo legado contin\u00faa inspirando a nuevas generaciones. En palabras citadas durante la ceremonia: \u201cLa ciencia no es s\u00f3lo para los cient\u00edficos, es para todos quienes se atreven a hacer preguntas.\u201d<\/p>\n<p>Mart\u00ednez Burnes apunt\u00f3 que la Feria Infantil de Ciencia, Tecnolog\u00eda y Arte se desarrollar\u00e1 del 5 al 7 de noviembre, con la participaci\u00f3n de cient\u00edficos, investigadores y docentes en ciencia y tecnolog\u00eda, con un alcance de m\u00e1s de 5 mil 500 estudiantes de instituciones educativas de Reynosa.<\/p>\n<p>Adem\u00e1s, se efectuar\u00e1n m\u00e1s de 70 actividades en todo el estado, entre talleres, conferencias, exhibiciones y demostraciones interactivas, impartidas por investigadoras e investigadores voluntarios del Sistema Nacional y Estatal de Ciencia, Tecnolog\u00eda, Ingenier\u00eda y Matem\u00e1ticas.<\/p>\n<p>Se\u00f1al\u00f3 que, bajo el lema \u201cIdeas que inspiran, acciones que transforman\u201d, esta d\u00e9cima edici\u00f3n reafirma el compromiso del gobernador Am\u00e9rico Villarreal Anaya, de impulsar el talento infantil y juvenil, promoviendo en las nuevas generaciones el gusto por descubrir, crear y transformar su entorno mediante la ciencia, la tecnolog\u00eda y el arte.<\/p>\n<p>En la ceremonia de inauguraci\u00f3n estuvieron el alcalde de Reynosa, Carlos Pe\u00f1a Ortiz; el secretario de Administraci\u00f3n del IPN, Dr. Javier Tapia Santoyo, quien realiz\u00f3 la declaratoria inaugural; la directora del CREDE Reynosa, Alicia Isabel Piza\u00f1a Navarro; y la directora del Instituto Reynosense de Cultura y Arte (IRCA), Mar\u00eda Esther Camargo F\u00e9lix, entre otros.<\/p>\n","protected":false},"excerpt":{"rendered":"<p>Reynosa, Tamaulipas (6-Noviembre-2025).- Con el prop\u00f3sito de despertar la curiosidad, la creatividad y el pensamiento&#8230;<\/p>\n","protected":false},"author":1,"featured_media":186474,"comment_status":"closed","ping_status":"closed","sticky":false,"template":"","format":"standard","meta":{"footnotes":"","jetpack_publicize_message":"","jetpack_publicize_feature_enabled":true,"jetpack_social_post_already_shared":true,"jetpack_social_options":{"image_generator_settings":{"template":"highway","default_image_id":0,"font":"","enabled":false},"version":2}},"categories":[10],"tags":[],"class_list":["post-186472","post","type-post","status-publish","format-standard","has-post-thumbnail","hentry","category-tamaulipas"],"jetpack_publicize_connections":[],"_links":{"self":[{"href":"https:\/\/www.buroperiodistico.com.mx\/index.php?rest_route=\/wp\/v2\/posts\/186472","targetHints":{"allow":["GET"]}}],"collection":[{"href":"https:\/\/www.buroperiodistico.com.mx\/index.php?rest_route=\/wp\/v2\/posts"}],"about":[{"href":"https:\/\/www.buroperiodistico.com.mx\/index.php?rest_route=\/wp\/v2\/types\/post"}],"author":[{"embeddable":true,"href":"https:\/\/www.buroperiodistico.com.mx\/index.php?rest_route=\/wp\/v2\/users\/1"}],"replies":[{"embeddable":true,"href":"https:\/\/www.buroperiodistico.com.mx\/index.php?rest_route=%2Fwp%2Fv2%2Fcomments&post=186472"}],"version-history":[{"count":0,"href":"https:\/\/www.buroperiodistico.com.mx\/index.php?rest_route=\/wp\/v2\/posts\/186472\/revisions"}],"wp:featuredmedia":[{"embeddable":true,"href":"https:\/\/www.buroperiodistico.com.mx\/index.php?rest_route=\/wp\/v2\/media\/186474"}],"wp:attachment":[{"href":"https:\/\/www.buroperiodistico.com.mx\/index.php?rest_route=%2Fwp%2Fv2%2Fmedia&parent=186472"}],"wp:term":[{"taxonomy":"category","embeddable":true,"href":"https:\/\/www.buroperiodistico.com.mx\/index.php?rest_route=%2Fwp%2Fv2%2Fcategories&post=186472"},{"taxonomy":"post_tag","embeddable":true,"href":"https:\/\/www.buroperiodistico.com.mx\/index.php?rest_route=%2Fwp%2Fv2%2Ftags&post=186472"}],"curies":[{"name":"wp","href":"https:\/\/api.w.org\/{rel}","templated":true}]}}