{"id":186465,"date":"2025-11-06T16:01:24","date_gmt":"2025-11-06T22:01:24","guid":{"rendered":"https:\/\/www.buroperiodistico.com.mx\/?p=186465"},"modified":"2025-11-06T16:01:24","modified_gmt":"2025-11-06T22:01:24","slug":"impulsa-gobierno-de-tamaulipas-conectividad-y-movilidad-con-historica-inversion-en-obras-viales","status":"publish","type":"post","link":"https:\/\/www.buroperiodistico.com.mx\/?p=186465","title":{"rendered":"Impulsa Gobierno de Tamaulipas conectividad y movilidad con hist\u00f3rica inversi\u00f3n en obras viales"},"content":{"rendered":"<p><em><strong><img loading=\"lazy\" decoding=\"async\" class=\" wp-image-186470 alignright\" src=\"https:\/\/www.buroperiodistico.com.mx\/wp-content\/uploads\/2025\/11\/SOPviales.jpeg\" alt=\"\" width=\"491\" height=\"276\" srcset=\"https:\/\/www.buroperiodistico.com.mx\/wp-content\/uploads\/2025\/11\/SOPviales.jpeg 1024w, https:\/\/www.buroperiodistico.com.mx\/wp-content\/uploads\/2025\/11\/SOPviales-300x169.jpeg 300w, https:\/\/www.buroperiodistico.com.mx\/wp-content\/uploads\/2025\/11\/SOPviales-768x432.jpeg 768w\" sizes=\"auto, (max-width: 491px) 100vw, 491px\" \/>Ciudad Victoria, Tamaulipas (6-Noviembre-2025).-<\/strong><\/em> A tres a\u00f1os del gobierno que encabeza el doctor Am\u00e9rico Villarreal Anaya, la transformaci\u00f3n vial se est\u00e1 reflejando con obras que conectan todo el territorio tamaulipeco.<\/p>\n<p>El secretario de Obras P\u00fablicas (SOP), Pedro Cepeda Anaya subray\u00f3 que, del 2022 a la fecha, han invertido m\u00e1s de 2 mil 500 millones de pesos en infraestructura vial en todas las regiones del estado, ejecutando trabajos de modernizaci\u00f3n, rehabilitaci\u00f3n, pavimentaci\u00f3n asf\u00e1ltica e hidr\u00e1ulica y construcci\u00f3n de bulevares.<\/p>\n<p>Destac\u00f3 obras como la Glorieta Bicentenario, en la intersecci\u00f3n de los bulevares Adolfo L\u00f3pez Mateos y Fidel Vel\u00e1zquez en el municipio de Tampico, la rehabilitaci\u00f3n en Avenida Las Torres y la prolongaci\u00f3n del bulevar Jos\u00e9 L\u00f3pez Portillo, adem\u00e1s del programa de bacheo 2025 en Ciudad Victoria.<\/p>\n<p>Asimismo, refiri\u00f3 la rehabilitaci\u00f3n de la Avenida de la Industria en Altamira, mientras que en la ciudad de Reynosa, mencion\u00f3 la pavimentaci\u00f3n asf\u00e1ltica en el bulevar Insurgentes y la construcci\u00f3n del bulevar Fundadores, entre Lateral Oriente del Canal Rodhe y Avenida Virreyes.<\/p>\n<p>El compromiso de transformar Tamaulipas mediante infraestructura vial de calidad continuar\u00e1 en esta administraci\u00f3n estatal. Entre los proyectos destacados se encuentran el Viaducto Elevado de Tampico y el Libramiento Poniente de Ciudad Mante, adem\u00e1s la modernizaci\u00f3n del Corredor Vertical del Golfo de M\u00e9xico; obra del Gobierno Federal de Claudia Sheinbaum Pardo a trav\u00e9s de la Secretar\u00eda de Infraestructura Comunicaciones y Transportes (SICT).<\/p>\n<p>\u201cLa ejecuci\u00f3n de estas obras refleja el firme compromiso de este gobierno con la ciudadan\u00eda, a trav\u00e9s de una gesti\u00f3n transparente, eficiente y enfocada en mejorar la calidad de vida de la poblaci\u00f3n tamaulipeca\u201d, afirm\u00f3 el secretario Cepeda Anaya.<\/p>\n<p><img loading=\"lazy\" decoding=\"async\" class=\"aligncenter size-full wp-image-186466\" src=\"https:\/\/www.buroperiodistico.com.mx\/wp-content\/uploads\/2025\/11\/SOPviales-I.jpeg\" alt=\"\" width=\"640\" height=\"451\" srcset=\"https:\/\/www.buroperiodistico.com.mx\/wp-content\/uploads\/2025\/11\/SOPviales-I.jpeg 640w, https:\/\/www.buroperiodistico.com.mx\/wp-content\/uploads\/2025\/11\/SOPviales-I-300x211.jpeg 300w\" sizes=\"auto, (max-width: 640px) 100vw, 640px\" \/> <img loading=\"lazy\" decoding=\"async\" class=\"aligncenter size-full wp-image-186469\" src=\"https:\/\/www.buroperiodistico.com.mx\/wp-content\/uploads\/2025\/11\/SOPviales-IIII.jpeg\" alt=\"\" width=\"640\" height=\"480\" srcset=\"https:\/\/www.buroperiodistico.com.mx\/wp-content\/uploads\/2025\/11\/SOPviales-IIII.jpeg 640w, https:\/\/www.buroperiodistico.com.mx\/wp-content\/uploads\/2025\/11\/SOPviales-IIII-300x225.jpeg 300w\" sizes=\"auto, (max-width: 640px) 100vw, 640px\" \/> <img loading=\"lazy\" decoding=\"async\" class=\"aligncenter size-full wp-image-186468\" src=\"https:\/\/www.buroperiodistico.com.mx\/wp-content\/uploads\/2025\/11\/SOPviales-III.jpeg\" alt=\"\" width=\"640\" height=\"360\" srcset=\"https:\/\/www.buroperiodistico.com.mx\/wp-content\/uploads\/2025\/11\/SOPviales-III.jpeg 640w, https:\/\/www.buroperiodistico.com.mx\/wp-content\/uploads\/2025\/11\/SOPviales-III-300x169.jpeg 300w\" sizes=\"auto, (max-width: 640px) 100vw, 640px\" \/> <img loading=\"lazy\" decoding=\"async\" class=\"aligncenter size-full wp-image-186467\" src=\"https:\/\/www.buroperiodistico.com.mx\/wp-content\/uploads\/2025\/11\/SOPviales-II.jpeg\" alt=\"\" width=\"640\" height=\"480\" srcset=\"https:\/\/www.buroperiodistico.com.mx\/wp-content\/uploads\/2025\/11\/SOPviales-II.jpeg 640w, https:\/\/www.buroperiodistico.com.mx\/wp-content\/uploads\/2025\/11\/SOPviales-II-300x225.jpeg 300w\" sizes=\"auto, (max-width: 640px) 100vw, 640px\" \/><\/p>\n","protected":false},"excerpt":{"rendered":"<p>Ciudad Victoria, Tamaulipas (6-Noviembre-2025).- A tres a\u00f1os del gobierno que encabeza el doctor Am\u00e9rico Villarreal&#8230;<\/p>\n","protected":false},"author":1,"featured_media":186470,"comment_status":"closed","ping_status":"closed","sticky":false,"template":"","format":"standard","meta":{"footnotes":"","jetpack_publicize_message":"","jetpack_publicize_feature_enabled":true,"jetpack_social_post_already_shared":true,"jetpack_social_options":{"image_generator_settings":{"template":"highway","default_image_id":0,"font":"","enabled":false},"version":2}},"categories":[10],"tags":[],"class_list":["post-186465","post","type-post","status-publish","format-standard","has-post-thumbnail","hentry","category-tamaulipas"],"jetpack_publicize_connections":[],"_links":{"self":[{"href":"https:\/\/www.buroperiodistico.com.mx\/index.php?rest_route=\/wp\/v2\/posts\/186465","targetHints":{"allow":["GET"]}}],"collection":[{"href":"https:\/\/www.buroperiodistico.com.mx\/index.php?rest_route=\/wp\/v2\/posts"}],"about":[{"href":"https:\/\/www.buroperiodistico.com.mx\/index.php?rest_route=\/wp\/v2\/types\/post"}],"author":[{"embeddable":true,"href":"https:\/\/www.buroperiodistico.com.mx\/index.php?rest_route=\/wp\/v2\/users\/1"}],"replies":[{"embeddable":true,"href":"https:\/\/www.buroperiodistico.com.mx\/index.php?rest_route=%2Fwp%2Fv2%2Fcomments&post=186465"}],"version-history":[{"count":0,"href":"https:\/\/www.buroperiodistico.com.mx\/index.php?rest_route=\/wp\/v2\/posts\/186465\/revisions"}],"wp:featuredmedia":[{"embeddable":true,"href":"https:\/\/www.buroperiodistico.com.mx\/index.php?rest_route=\/wp\/v2\/media\/186470"}],"wp:attachment":[{"href":"https:\/\/www.buroperiodistico.com.mx\/index.php?rest_route=%2Fwp%2Fv2%2Fmedia&parent=186465"}],"wp:term":[{"taxonomy":"category","embeddable":true,"href":"https:\/\/www.buroperiodistico.com.mx\/index.php?rest_route=%2Fwp%2Fv2%2Fcategories&post=186465"},{"taxonomy":"post_tag","embeddable":true,"href":"https:\/\/www.buroperiodistico.com.mx\/index.php?rest_route=%2Fwp%2Fv2%2Ftags&post=186465"}],"curies":[{"name":"wp","href":"https:\/\/api.w.org\/{rel}","templated":true}]}}