{"id":184915,"date":"2025-10-28T11:57:36","date_gmt":"2025-10-28T16:57:36","guid":{"rendered":"https:\/\/www.buroperiodistico.com.mx\/?p=184915"},"modified":"2025-10-28T11:57:36","modified_gmt":"2025-10-28T16:57:36","slug":"invita-dif-reynosa-a-registrarse-en-el-programa-voluntad-de-ayudar-en-los-primeros-1000-dias","status":"publish","type":"post","link":"https:\/\/www.buroperiodistico.com.mx\/?p=184915","title":{"rendered":"Invita DIF-Reynosa a registrarse en el programa \u201cVoluntad de Ayudar en los Primeros 1000 D\u00edas\u201d"},"content":{"rendered":"<ul>\n<li><strong><em>Se abren nuevos espacios.<\/em><\/strong><\/li>\n<\/ul>\n<p><strong><img loading=\"lazy\" decoding=\"async\" class=\"size-full wp-image-184916 alignright\" src=\"https:\/\/www.buroperiodistico.com.mx\/wp-content\/uploads\/2025\/10\/DIFsx-I.jpeg\" alt=\"\" width=\"491\" height=\"480\" srcset=\"https:\/\/www.buroperiodistico.com.mx\/wp-content\/uploads\/2025\/10\/DIFsx-I.jpeg 491w, https:\/\/www.buroperiodistico.com.mx\/wp-content\/uploads\/2025\/10\/DIFsx-I-300x293.jpeg 300w\" sizes=\"auto, (max-width: 491px) 100vw, 491px\" \/>Reynosa, Tam (28-Octubre-2025).-<\/strong> Con el prop\u00f3sito de continuar impulsando el bienestar de las familias y apoyar a mujeres embarazadas, as\u00ed como a ni\u00f1as y ni\u00f1os en sus primeros a\u00f1os de vida, el Sistema DIF-Reynosa invita a inscribirse al programa \u201cVoluntad de Ayudar en los Primeros 1000 D\u00edas\u201d, una iniciativa que promueve la buena nutrici\u00f3n y el desarrollo saludable durante las etapas m\u00e1s importantes de crecimiento.<\/p>\n<p>Este programa est\u00e1 dirigido a mujeres embarazadas y a madres con hijos o hijas menores de 2 a\u00f1os, ofreciendo apoyo alimentario y orientaci\u00f3n nutricional, con el fin de prevenir la desnutrici\u00f3n infantil.<\/p>\n<p>Las interesadas pueden acudir a DIF Central, ubicado en Bulevard Hidalgo #1900, en la Colonia Hidalgo, en un horario de lunes a viernes de 8:00 de la ma\u00f1ana a 4:00 de la tarde, o comunicarse al tel\u00e9fono 8991188929 v\u00eda WhatsApp para recibir informaci\u00f3n y realizar su registro.<\/p>\n","protected":false},"excerpt":{"rendered":"<p>Se abren nuevos espacios. Reynosa, Tam (28-Octubre-2025).- Con el prop\u00f3sito de continuar impulsando el bienestar&#8230;<\/p>\n","protected":false},"author":1,"featured_media":184917,"comment_status":"closed","ping_status":"closed","sticky":false,"template":"","format":"standard","meta":{"footnotes":"","jetpack_publicize_message":"","jetpack_publicize_feature_enabled":true,"jetpack_social_post_already_shared":true,"jetpack_social_options":{"image_generator_settings":{"template":"highway","default_image_id":0,"font":"","enabled":false},"version":2}},"categories":[9],"tags":[],"class_list":["post-184915","post","type-post","status-publish","format-standard","has-post-thumbnail","hentry","category-reynosa"],"jetpack_publicize_connections":[],"_links":{"self":[{"href":"https:\/\/www.buroperiodistico.com.mx\/index.php?rest_route=\/wp\/v2\/posts\/184915","targetHints":{"allow":["GET"]}}],"collection":[{"href":"https:\/\/www.buroperiodistico.com.mx\/index.php?rest_route=\/wp\/v2\/posts"}],"about":[{"href":"https:\/\/www.buroperiodistico.com.mx\/index.php?rest_route=\/wp\/v2\/types\/post"}],"author":[{"embeddable":true,"href":"https:\/\/www.buroperiodistico.com.mx\/index.php?rest_route=\/wp\/v2\/users\/1"}],"replies":[{"embeddable":true,"href":"https:\/\/www.buroperiodistico.com.mx\/index.php?rest_route=%2Fwp%2Fv2%2Fcomments&post=184915"}],"version-history":[{"count":0,"href":"https:\/\/www.buroperiodistico.com.mx\/index.php?rest_route=\/wp\/v2\/posts\/184915\/revisions"}],"wp:featuredmedia":[{"embeddable":true,"href":"https:\/\/www.buroperiodistico.com.mx\/index.php?rest_route=\/wp\/v2\/media\/184917"}],"wp:attachment":[{"href":"https:\/\/www.buroperiodistico.com.mx\/index.php?rest_route=%2Fwp%2Fv2%2Fmedia&parent=184915"}],"wp:term":[{"taxonomy":"category","embeddable":true,"href":"https:\/\/www.buroperiodistico.com.mx\/index.php?rest_route=%2Fwp%2Fv2%2Fcategories&post=184915"},{"taxonomy":"post_tag","embeddable":true,"href":"https:\/\/www.buroperiodistico.com.mx\/index.php?rest_route=%2Fwp%2Fv2%2Ftags&post=184915"}],"curies":[{"name":"wp","href":"https:\/\/api.w.org\/{rel}","templated":true}]}}