{"id":181301,"date":"2025-10-05T15:34:22","date_gmt":"2025-10-05T20:34:22","guid":{"rendered":"https:\/\/www.buroperiodistico.com.mx\/?p=181301"},"modified":"2025-10-05T15:34:22","modified_gmt":"2025-10-05T20:34:22","slug":"disfrutan-familias-una-noche-en-el-museo","status":"publish","type":"post","link":"https:\/\/www.buroperiodistico.com.mx\/?p=181301","title":{"rendered":"Disfrutan familias \u201cUna Noche en el Museo\u201d"},"content":{"rendered":"<ul>\n<li><em><strong>Con un recorrido por el pasado, presente y futuro del planeta<\/strong><\/em><\/li>\n<\/ul>\n<p><em><strong><img loading=\"lazy\" decoding=\"async\" class=\" wp-image-181307 alignright\" src=\"https:\/\/www.buroperiodistico.com.mx\/wp-content\/uploads\/2025\/10\/CPBMuseo.jpeg\" alt=\"\" width=\"532\" height=\"318\" srcset=\"https:\/\/www.buroperiodistico.com.mx\/wp-content\/uploads\/2025\/10\/CPBMuseo.jpeg 1024w, https:\/\/www.buroperiodistico.com.mx\/wp-content\/uploads\/2025\/10\/CPBMuseo-300x179.jpeg 300w, https:\/\/www.buroperiodistico.com.mx\/wp-content\/uploads\/2025\/10\/CPBMuseo-768x459.jpeg 768w\" sizes=\"auto, (max-width: 532px) 100vw, 532px\" \/>Ciudad Victoria, Tamaulipas (5-Octubre-2025).-<\/strong><\/em> Desde dinosaurios hasta un astronauta moderno, pasando por \u00e9picos eventos hist\u00f3ricos, los asistentes disfrutaron de \u201cUna Noche en el Museo\u201d, un fascinante espect\u00e1culo en el Museo de Historia Natural (Tamux).<\/p>\n<p>\u201c\u2018Una Noche en el Museo\u2019 no fue solo un evento, sino un viaje que conect\u00f3 generaciones y encendi\u00f3 la imaginaci\u00f3n\u201d, se\u00f1al\u00f3 Eduardo Rocha Orozco, vocal de la Comisi\u00f3n de Parques y Biodiversidad de Tamaulipas (CPBT).<\/p>\n<p>\u201cEste espect\u00e1culo vibrante no solo deslumbr\u00f3, sino que despert\u00f3 la curiosidad de grandes y peque\u00f1os, fusionando ciencia, historia y magia en una experiencia inolvidable\u201d, refiri\u00f3.<\/p>\n<p>El funcionario estatal dijo que, por medio de estos proyectos, se impulsa el conocimiento de una manera entretenida y que todo esto es posible con el apoyo de una sociedad participativa y colaborativa.<\/p>\n<p>Expres\u00f3 que el recorrido por las instalaciones del Museo Tamux envolvi\u00f3 a los visitantes en una narrativa \u00e9pica que abarc\u00f3 momentos clave de la humanidad.<\/p>\n<p>\u201cDonde los dinosaurios cobraron vida para asombrar a ni\u00f1as, ni\u00f1os y sus familias, quienes tambi\u00e9n bailaron con un carism\u00e1tico cavern\u00edcola y disfrutaron de momentos llenos de diversi\u00f3n y alegr\u00eda\u201d, concluy\u00f3 el vocal de la Comisi\u00f3n de Parques y Biodiversidad de Tamaulipas (CPBT).<\/p>\n<p><img loading=\"lazy\" decoding=\"async\" class=\"aligncenter size-full wp-image-181302\" src=\"https:\/\/www.buroperiodistico.com.mx\/wp-content\/uploads\/2025\/10\/CPBMuseo-I.jpeg\" alt=\"\" width=\"640\" height=\"470\" srcset=\"https:\/\/www.buroperiodistico.com.mx\/wp-content\/uploads\/2025\/10\/CPBMuseo-I.jpeg 640w, https:\/\/www.buroperiodistico.com.mx\/wp-content\/uploads\/2025\/10\/CPBMuseo-I-300x220.jpeg 300w\" sizes=\"auto, (max-width: 640px) 100vw, 640px\" \/> <img loading=\"lazy\" decoding=\"async\" class=\"aligncenter size-full wp-image-181306\" src=\"https:\/\/www.buroperiodistico.com.mx\/wp-content\/uploads\/2025\/10\/CPBMuseo-IIIII.jpeg\" alt=\"\" width=\"640\" height=\"427\" srcset=\"https:\/\/www.buroperiodistico.com.mx\/wp-content\/uploads\/2025\/10\/CPBMuseo-IIIII.jpeg 640w, https:\/\/www.buroperiodistico.com.mx\/wp-content\/uploads\/2025\/10\/CPBMuseo-IIIII-300x200.jpeg 300w\" sizes=\"auto, (max-width: 640px) 100vw, 640px\" \/> <img loading=\"lazy\" decoding=\"async\" class=\"aligncenter size-full wp-image-181305\" src=\"https:\/\/www.buroperiodistico.com.mx\/wp-content\/uploads\/2025\/10\/CPBMuseo-IIII.jpeg\" alt=\"\" width=\"640\" height=\"427\" srcset=\"https:\/\/www.buroperiodistico.com.mx\/wp-content\/uploads\/2025\/10\/CPBMuseo-IIII.jpeg 640w, https:\/\/www.buroperiodistico.com.mx\/wp-content\/uploads\/2025\/10\/CPBMuseo-IIII-300x200.jpeg 300w\" sizes=\"auto, (max-width: 640px) 100vw, 640px\" \/> <img loading=\"lazy\" decoding=\"async\" class=\"aligncenter size-full wp-image-181304\" src=\"https:\/\/www.buroperiodistico.com.mx\/wp-content\/uploads\/2025\/10\/CPBMuseo-III.jpeg\" alt=\"\" width=\"640\" height=\"427\" srcset=\"https:\/\/www.buroperiodistico.com.mx\/wp-content\/uploads\/2025\/10\/CPBMuseo-III.jpeg 640w, https:\/\/www.buroperiodistico.com.mx\/wp-content\/uploads\/2025\/10\/CPBMuseo-III-300x200.jpeg 300w\" sizes=\"auto, (max-width: 640px) 100vw, 640px\" \/> <img loading=\"lazy\" decoding=\"async\" class=\"aligncenter size-full wp-image-181303\" src=\"https:\/\/www.buroperiodistico.com.mx\/wp-content\/uploads\/2025\/10\/CPBMuseo-II.jpeg\" alt=\"\" width=\"626\" height=\"480\" srcset=\"https:\/\/www.buroperiodistico.com.mx\/wp-content\/uploads\/2025\/10\/CPBMuseo-II.jpeg 626w, https:\/\/www.buroperiodistico.com.mx\/wp-content\/uploads\/2025\/10\/CPBMuseo-II-300x230.jpeg 300w\" sizes=\"auto, (max-width: 626px) 100vw, 626px\" \/><\/p>\n","protected":false},"excerpt":{"rendered":"<p>Con un recorrido por el pasado, presente y futuro del planeta Ciudad Victoria, Tamaulipas (5-Octubre-2025).-&#8230;<\/p>\n","protected":false},"author":1,"featured_media":181307,"comment_status":"closed","ping_status":"closed","sticky":false,"template":"","format":"standard","meta":{"footnotes":"","jetpack_publicize_message":"","jetpack_publicize_feature_enabled":true,"jetpack_social_post_already_shared":true,"jetpack_social_options":{"image_generator_settings":{"template":"highway","default_image_id":0,"font":"","enabled":false},"version":2}},"categories":[10],"tags":[],"class_list":["post-181301","post","type-post","status-publish","format-standard","has-post-thumbnail","hentry","category-tamaulipas"],"jetpack_publicize_connections":[],"_links":{"self":[{"href":"https:\/\/www.buroperiodistico.com.mx\/index.php?rest_route=\/wp\/v2\/posts\/181301","targetHints":{"allow":["GET"]}}],"collection":[{"href":"https:\/\/www.buroperiodistico.com.mx\/index.php?rest_route=\/wp\/v2\/posts"}],"about":[{"href":"https:\/\/www.buroperiodistico.com.mx\/index.php?rest_route=\/wp\/v2\/types\/post"}],"author":[{"embeddable":true,"href":"https:\/\/www.buroperiodistico.com.mx\/index.php?rest_route=\/wp\/v2\/users\/1"}],"replies":[{"embeddable":true,"href":"https:\/\/www.buroperiodistico.com.mx\/index.php?rest_route=%2Fwp%2Fv2%2Fcomments&post=181301"}],"version-history":[{"count":0,"href":"https:\/\/www.buroperiodistico.com.mx\/index.php?rest_route=\/wp\/v2\/posts\/181301\/revisions"}],"wp:featuredmedia":[{"embeddable":true,"href":"https:\/\/www.buroperiodistico.com.mx\/index.php?rest_route=\/wp\/v2\/media\/181307"}],"wp:attachment":[{"href":"https:\/\/www.buroperiodistico.com.mx\/index.php?rest_route=%2Fwp%2Fv2%2Fmedia&parent=181301"}],"wp:term":[{"taxonomy":"category","embeddable":true,"href":"https:\/\/www.buroperiodistico.com.mx\/index.php?rest_route=%2Fwp%2Fv2%2Fcategories&post=181301"},{"taxonomy":"post_tag","embeddable":true,"href":"https:\/\/www.buroperiodistico.com.mx\/index.php?rest_route=%2Fwp%2Fv2%2Ftags&post=181301"}],"curies":[{"name":"wp","href":"https:\/\/api.w.org\/{rel}","templated":true}]}}