{"id":181293,"date":"2025-10-05T14:53:09","date_gmt":"2025-10-05T19:53:09","guid":{"rendered":"https:\/\/www.buroperiodistico.com.mx\/?p=181293"},"modified":"2025-10-05T14:53:09","modified_gmt":"2025-10-05T19:53:09","slug":"gobierno-municipal-refuerza-acciones-permanentes-contra-el-bullying-y-conductas-de-riesgo-en-jovenes","status":"publish","type":"post","link":"https:\/\/www.buroperiodistico.com.mx\/?p=181293","title":{"rendered":"GOBIERNO MUNICIPAL REFUERZA ACCIONES PERMANENTES CONTRA EL BULLYING Y CONDUCTAS DE RIESGO EN J\u00d3VENES"},"content":{"rendered":"<p><em><strong><img loading=\"lazy\" decoding=\"async\" class=\" wp-image-181296 alignright\" src=\"https:\/\/www.buroperiodistico.com.mx\/wp-content\/uploads\/2025\/10\/Ayuntx.jpeg\" alt=\"\" width=\"529\" height=\"298\" srcset=\"https:\/\/www.buroperiodistico.com.mx\/wp-content\/uploads\/2025\/10\/Ayuntx.jpeg 1024w, https:\/\/www.buroperiodistico.com.mx\/wp-content\/uploads\/2025\/10\/Ayuntx-300x169.jpeg 300w, https:\/\/www.buroperiodistico.com.mx\/wp-content\/uploads\/2025\/10\/Ayuntx-768x432.jpeg 768w\" sizes=\"auto, (max-width: 529px) 100vw, 529px\" \/>Nuevo Laredo, Tam (5-Octubre-2025).-<\/strong><\/em> El Gobierno Municipal, a trav\u00e9s del Instituto Municipal para la Prevenci\u00f3n de Adicciones, Conductas y Tendencias Antisociales (IMPACTA), fortalece su labor preventiva en instituciones educativas con campa\u00f1as permanentes enfocadas en el bullying, la prevenci\u00f3n del suicidio y la concientizaci\u00f3n sobre conductas de riesgo entre ni\u00f1as, ni\u00f1os y j\u00f3venes.<\/p>\n<p>La presidenta municipal Carmen Lilia Canturosas Villarreal destac\u00f3 que estas acciones son una prioridad de su gobierno, ya que buscan proteger el bienestar emocional y social de la ni\u00f1ez y juventud neolaredense.<\/p>\n<p>\u201cEn este gobierno trabajamos no solo para construir una ciudad con mejores calles o m\u00e1s infraestructura, sino una comunidad m\u00e1s humana. Cuidar la salud mental de nuestras ni\u00f1as, ni\u00f1os y j\u00f3venes es una tarea que asumimos con total responsabilidad, porque ah\u00ed est\u00e1 el futuro de Nuevo Laredo\u201d, expres\u00f3 la alcaldesa.<\/p>\n<p>Por su parte, Hugo Maga\u00f1a de la Rosa, director de IMPACTA, inform\u00f3 que tras concluir la campa\u00f1a de prevenci\u00f3n del suicidio se decidi\u00f3 dar continuidad al tema de forma permanente, luego de casos preocupantes detectados en distintos niveles educativos.<\/p>\n<p>Actualmente, IMPACTA desarrolla la campa\u00f1a contra el bullying en primarias, secundarias y preparatorias, con la finalidad de detectar y atender a estudiantes v\u00edctimas y agresores. En la primera etapa del programa se identificaron 45 casos, a quienes se les brind\u00f3 atenci\u00f3n psicol\u00f3gica inmediata, involucrando tambi\u00e9n a los padres de familia mediante escuelas para padres.<\/p>\n<p>\u201cEn los resultados detectamos que las conductas de bullying se presentan con mayor frecuencia en secundaria y preparatoria, mientras que en primaria los casos son menos, pero igualmente atendidos. Es un tema sensible que requiere la participaci\u00f3n de especialistas, maestros y padres de familia\u201d, a\u00f1adi\u00f3 Maga\u00f1a de la Rosa.<\/p>\n<p>Asimismo, el director del IMPACTA adelant\u00f3 que se prepara una nueva campa\u00f1a de concientizaci\u00f3n vial dirigida principalmente a universidades, con el prop\u00f3sito de prevenir accidentes automovil\u00edsticos ocasionados por el uso del celular mientras se conduce.<\/p>\n<p>\u201cEstamos viendo un incremento de accidentes no tanto por alcohol, sino por manejar con el celular en la mano. Queremos sensibilizar a los j\u00f3venes y evitar que se sigan presentando estos hechos que ponen en riesgo su vida y la de otros\u201d, destac\u00f3.<\/p>\n<p>Actualmente, el instituto atiende a alrededor de 175 pacientes de manera permanente, a trav\u00e9s de terapias individuales, de pareja, familiares y grupales. De estos, m\u00e1s de 150 personas ya han logrado su reincorporaci\u00f3n plena a la sociedad gracias al acompa\u00f1amiento brindado.<\/p>\n<p><img loading=\"lazy\" decoding=\"async\" class=\"aligncenter size-full wp-image-181294\" src=\"https:\/\/www.buroperiodistico.com.mx\/wp-content\/uploads\/2025\/10\/Ayuntx-I.jpeg\" alt=\"\" width=\"640\" height=\"360\" srcset=\"https:\/\/www.buroperiodistico.com.mx\/wp-content\/uploads\/2025\/10\/Ayuntx-I.jpeg 640w, https:\/\/www.buroperiodistico.com.mx\/wp-content\/uploads\/2025\/10\/Ayuntx-I-300x169.jpeg 300w\" sizes=\"auto, (max-width: 640px) 100vw, 640px\" \/> <img loading=\"lazy\" decoding=\"async\" class=\"aligncenter size-full wp-image-181295\" src=\"https:\/\/www.buroperiodistico.com.mx\/wp-content\/uploads\/2025\/10\/Ayuntx-II.jpeg\" alt=\"\" width=\"640\" height=\"360\" srcset=\"https:\/\/www.buroperiodistico.com.mx\/wp-content\/uploads\/2025\/10\/Ayuntx-II.jpeg 640w, https:\/\/www.buroperiodistico.com.mx\/wp-content\/uploads\/2025\/10\/Ayuntx-II-300x169.jpeg 300w\" sizes=\"auto, (max-width: 640px) 100vw, 640px\" \/><\/p>\n","protected":false},"excerpt":{"rendered":"<p>Nuevo Laredo, Tam (5-Octubre-2025).- El Gobierno Municipal, a trav\u00e9s del Instituto Municipal para la Prevenci\u00f3n&#8230;<\/p>\n","protected":false},"author":1,"featured_media":181296,"comment_status":"closed","ping_status":"closed","sticky":false,"template":"","format":"standard","meta":{"footnotes":"","jetpack_publicize_message":"","jetpack_publicize_feature_enabled":true,"jetpack_social_post_already_shared":true,"jetpack_social_options":{"image_generator_settings":{"template":"highway","default_image_id":0,"font":"","enabled":false},"version":2}},"categories":[16],"tags":[],"class_list":["post-181293","post","type-post","status-publish","format-standard","has-post-thumbnail","hentry","category-nuevolaredo"],"jetpack_publicize_connections":[],"_links":{"self":[{"href":"https:\/\/www.buroperiodistico.com.mx\/index.php?rest_route=\/wp\/v2\/posts\/181293","targetHints":{"allow":["GET"]}}],"collection":[{"href":"https:\/\/www.buroperiodistico.com.mx\/index.php?rest_route=\/wp\/v2\/posts"}],"about":[{"href":"https:\/\/www.buroperiodistico.com.mx\/index.php?rest_route=\/wp\/v2\/types\/post"}],"author":[{"embeddable":true,"href":"https:\/\/www.buroperiodistico.com.mx\/index.php?rest_route=\/wp\/v2\/users\/1"}],"replies":[{"embeddable":true,"href":"https:\/\/www.buroperiodistico.com.mx\/index.php?rest_route=%2Fwp%2Fv2%2Fcomments&post=181293"}],"version-history":[{"count":0,"href":"https:\/\/www.buroperiodistico.com.mx\/index.php?rest_route=\/wp\/v2\/posts\/181293\/revisions"}],"wp:featuredmedia":[{"embeddable":true,"href":"https:\/\/www.buroperiodistico.com.mx\/index.php?rest_route=\/wp\/v2\/media\/181296"}],"wp:attachment":[{"href":"https:\/\/www.buroperiodistico.com.mx\/index.php?rest_route=%2Fwp%2Fv2%2Fmedia&parent=181293"}],"wp:term":[{"taxonomy":"category","embeddable":true,"href":"https:\/\/www.buroperiodistico.com.mx\/index.php?rest_route=%2Fwp%2Fv2%2Fcategories&post=181293"},{"taxonomy":"post_tag","embeddable":true,"href":"https:\/\/www.buroperiodistico.com.mx\/index.php?rest_route=%2Fwp%2Fv2%2Ftags&post=181293"}],"curies":[{"name":"wp","href":"https:\/\/api.w.org\/{rel}","templated":true}]}}